{"id":23408,"date":"2026-08-31T20:35:11","date_gmt":"2026-09-01T00:35:11","guid":{"rendered":"https:\/\/elconquistadorredloslagos.cl\/test\/?p=23408"},"modified":"2026-08-31T20:35:12","modified_gmt":"2026-09-01T00:35:12","slug":"incautan-42-kilos-de-carne-de-vacuno-de-origen-no-acreditado-en-fresia","status":"publish","type":"post","link":"https:\/\/elconquistadorredloslagos.cl\/test\/blog\/2026\/08\/31\/incautan-42-kilos-de-carne-de-vacuno-de-origen-no-acreditado-en-fresia\/","title":{"rendered":"Incautan 42 kilos de carne de vacuno de origen no acreditado en Fresia"},"content":{"rendered":"\n<p class=\"wp-block-paragraph\">Un control realizado por Carabineros permiti\u00f3 detectar el traslado de una importante cantidad de carne de vacuno cuya procedencia no pudo ser respaldada con documentaci\u00f3n, en un procedimiento desarrollado durante la tarde de este lunes en la comuna de Fresia.<\/p>\n\n\n\n<p class=\"wp-block-paragraph\">El operativo estuvo a cargo de la Patrulla de Abigeato, cuyos funcionarios llegaron hasta un veh\u00edculo luego de recibir un llamado an\u00f3nimo que alertaba sobre el transporte sospechoso de productos c\u00e1rnicos.<\/p>\n\n\n\n<p class=\"wp-block-paragraph\">Al fiscalizar el autom\u00f3vil, Carabineros encontr\u00f3 cerca de <strong>42 kilos de carne de vacuno<\/strong>. Los ocupantes no presentaron gu\u00edas de despacho, timbres de faenamiento autorizado ni otros documentos que permitieran acreditar su origen legal.<\/p>\n\n\n\n<p class=\"wp-block-paragraph\">Adem\u00e1s, tampoco pudieron establecer el predio desde donde proven\u00edan los productos ni entregar antecedentes sobre el resto del animal que habr\u00eda sido faenado.<\/p>\n\n\n\n<p class=\"wp-block-paragraph\">Producto del procedimiento, <strong>dos personas fueron detenidas<\/strong> y se incaut\u00f3 la carne, el veh\u00edculo utilizado para su traslado y <strong>42 mil pesos en efectivo<\/strong>.<\/p>\n\n\n\n<p class=\"wp-block-paragraph\">Los antecedentes fueron entregados al Ministerio P\u00fablico. El fiscal de turno instruy\u00f3 las diligencias correspondientes y la incautaci\u00f3n de las especies.<\/p>\n\n\n\n<p class=\"wp-block-paragraph\">\ud83d\udcf7 Prensa Zona Los Lagos Carabineros<\/p>\n","protected":false},"excerpt":{"rendered":"<p>Un control realizado por Carabineros permiti\u00f3 detectar el traslado de una importante cantidad de carne de vacuno cuya procedencia no pudo ser respaldada con documentaci\u00f3n, en un procedimiento desarrollado durante..<\/p>\n","protected":false},"author":2,"featured_media":23409,"comment_status":"closed","ping_status":"open","sticky":false,"template":"","format":"standard","meta":{"footnotes":""},"categories":[1,28,67],"tags":[],"class_list":["post-23408","post","type-post","status-publish","format-standard","has-post-thumbnail","hentry","category-acontecer","category-actual","category-regional"],"rttpg_featured_image_url":{"full":["https:\/\/elconquistadorredloslagos.cl\/test\/wp-content\/uploads\/2026\/08\/Diseno-sin-titulo-5-7.jpg",1920,1080,false],"landscape":["https:\/\/elconquistadorredloslagos.cl\/test\/wp-content\/uploads\/2026\/08\/Diseno-sin-titulo-5-7.jpg",1920,1080,false],"portraits":["https:\/\/elconquistadorredloslagos.cl\/test\/wp-content\/uploads\/2026\/08\/Diseno-sin-titulo-5-7.jpg",1920,1080,false],"thumbnail":["https:\/\/elconquistadorredloslagos.cl\/test\/wp-content\/uploads\/2026\/08\/Diseno-sin-titulo-5-7-150x150.jpg",150,150,true],"medium":["https:\/\/elconquistadorredloslagos.cl\/test\/wp-content\/uploads\/2026\/08\/Diseno-sin-titulo-5-7-300x169.jpg",300,169,true],"large":["https:\/\/elconquistadorredloslagos.cl\/test\/wp-content\/uploads\/2026\/08\/Diseno-sin-titulo-5-7-1024x576.jpg",1024,576,true],"1536x1536":["https:\/\/elconquistadorredloslagos.cl\/test\/wp-content\/uploads\/2026\/08\/Diseno-sin-titulo-5-7-1536x864.jpg",1536,864,true],"2048x2048":["https:\/\/elconquistadorredloslagos.cl\/test\/wp-content\/uploads\/2026\/08\/Diseno-sin-titulo-5-7.jpg",1920,1080,false]},"rttpg_author":{"display_name":"ccardenas","author_link":"https:\/\/elconquistadorredloslagos.cl\/test\/blog\/author\/ccardenas\/"},"rttpg_comment":0,"rttpg_category":"<a href=\"https:\/\/elconquistadorredloslagos.cl\/test\/blog\/category\/actual\/acontecer\/\" rel=\"category tag\">Acontecer<\/a> <a href=\"https:\/\/elconquistadorredloslagos.cl\/test\/blog\/category\/actual\/\" rel=\"category tag\">Actualidad<\/a> <a href=\"https:\/\/elconquistadorredloslagos.cl\/test\/blog\/category\/regional\/\" rel=\"category tag\">Regional<\/a>","rttpg_excerpt":"Un control realizado por Carabineros permiti\u00f3 detectar el traslado de una importante cantidad de carne de vacuno cuya procedencia no pudo ser respaldada con documentaci\u00f3n, en un procedimiento desarrollado durante..","_links":{"self":[{"href":"https:\/\/elconquistadorredloslagos.cl\/test\/wp-json\/wp\/v2\/posts\/23408","targetHints":{"allow":["GET"]}}],"collection":[{"href":"https:\/\/elconquistadorredloslagos.cl\/test\/wp-json\/wp\/v2\/posts"}],"about":[{"href":"https:\/\/elconquistadorredloslagos.cl\/test\/wp-json\/wp\/v2\/types\/post"}],"author":[{"embeddable":true,"href":"https:\/\/elconquistadorredloslagos.cl\/test\/wp-json\/wp\/v2\/users\/2"}],"replies":[{"embeddable":true,"href":"https:\/\/elconquistadorredloslagos.cl\/test\/wp-json\/wp\/v2\/comments?post=23408"}],"version-history":[{"count":1,"href":"https:\/\/elconquistadorredloslagos.cl\/test\/wp-json\/wp\/v2\/posts\/23408\/revisions"}],"predecessor-version":[{"id":23410,"href":"https:\/\/elconquistadorredloslagos.cl\/test\/wp-json\/wp\/v2\/posts\/23408\/revisions\/23410"}],"wp:featuredmedia":[{"embeddable":true,"href":"https:\/\/elconquistadorredloslagos.cl\/test\/wp-json\/wp\/v2\/media\/23409"}],"wp:attachment":[{"href":"https:\/\/elconquistadorredloslagos.cl\/test\/wp-json\/wp\/v2\/media?parent=23408"}],"wp:term":[{"taxonomy":"category","embeddable":true,"href":"https:\/\/elconquistadorredloslagos.cl\/test\/wp-json\/wp\/v2\/categories?post=23408"},{"taxonomy":"post_tag","embeddable":true,"href":"https:\/\/elconquistadorredloslagos.cl\/test\/wp-json\/wp\/v2\/tags?post=23408"}],"curies":[{"name":"wp","href":"https:\/\/api.w.org\/{rel}","templated":true}]}}