{"id":23405,"date":"2026-08-31T20:30:15","date_gmt":"2026-09-01T00:30:15","guid":{"rendered":"https:\/\/elconquistadorredloslagos.cl\/test\/?p=23405"},"modified":"2026-08-31T20:30:15","modified_gmt":"2026-09-01T00:30:15","slug":"minvu-evaluara-terreno-recuperado-en-chaiten-para-un-eventual-proyecto-de-viviendas","status":"publish","type":"post","link":"https:\/\/elconquistadorredloslagos.cl\/test\/blog\/2026\/08\/31\/minvu-evaluara-terreno-recuperado-en-chaiten-para-un-eventual-proyecto-de-viviendas\/","title":{"rendered":"MINVU evaluar\u00e1 terreno recuperado en Chait\u00e9n para un eventual proyecto de viviendas"},"content":{"rendered":"\n<p class=\"wp-block-paragraph\">El terreno de SERVIU ubicado en Bah\u00eda Toninas, en Chait\u00e9n, entrar\u00e1 ahora a una etapa de estudios t\u00e9cnicos para determinar si sus condiciones permiten levantar all\u00ed un futuro proyecto habitacional.<\/p>\n\n\n\n<p class=\"wp-block-paragraph\">La informaci\u00f3n fue confirmada por el seremi de Vivienda y Urbanismo de Los Lagos, Mario Marchant, luego de que el predio quedara nuevamente bajo administraci\u00f3n de Serviu. Las evaluaciones permitir\u00e1n conocer las caracter\u00edsticas del lugar y establecer su factibilidad para uso habitacional.<\/p>\n\n\n\n<p class=\"wp-block-paragraph\">La medida se enmarca en un trabajo conjunto entre el MINVU, el Ministerio de Bienes Nacionales y el Gobierno Regional de Los Lagos, orientado a aumentar la disponibilidad de terrenos para viviendas en la comuna.<\/p>\n\n\n\n<p class=\"wp-block-paragraph\">Junto con Bah\u00eda Toninas, una de las \u00e1reas consideradas prioritarias es el sector urbano sur de Chait\u00e9n. All\u00ed se proyectan obras de pavimentaci\u00f3n y alcantarillado que podr\u00edan facilitar la habilitaci\u00f3n de terrenos y abrir nuevas posibilidades para futuros conjuntos habitacionales.<\/p>\n\n\n\n<p class=\"wp-block-paragraph\">Desde el MINVU se\u00f1alaron que la iniciativa busca ampliar la oferta de suelo disponible y generar alternativas frente a la demanda habitacional de las familias de Chait\u00e9n.<\/p>\n\n\n\n<p class=\"wp-block-paragraph\">\ud83d\udcf7 Referencial<\/p>\n","protected":false},"excerpt":{"rendered":"<p>El terreno de SERVIU ubicado en Bah\u00eda Toninas, en Chait\u00e9n, entrar\u00e1 ahora a una etapa de estudios t\u00e9cnicos para determinar si sus condiciones permiten levantar all\u00ed un futuro proyecto habitacional&#8230;<\/p>\n","protected":false},"author":2,"featured_media":23406,"comment_status":"closed","ping_status":"open","sticky":false,"template":"","format":"standard","meta":{"footnotes":""},"categories":[1,28,67],"tags":[],"class_list":["post-23405","post","type-post","status-publish","format-standard","has-post-thumbnail","hentry","category-acontecer","category-actual","category-regional"],"rttpg_featured_image_url":{"full":["https:\/\/elconquistadorredloslagos.cl\/test\/wp-content\/uploads\/2026\/08\/Diseno-sin-titulo-4-10.jpg",1920,1080,false],"landscape":["https:\/\/elconquistadorredloslagos.cl\/test\/wp-content\/uploads\/2026\/08\/Diseno-sin-titulo-4-10.jpg",1920,1080,false],"portraits":["https:\/\/elconquistadorredloslagos.cl\/test\/wp-content\/uploads\/2026\/08\/Diseno-sin-titulo-4-10.jpg",1920,1080,false],"thumbnail":["https:\/\/elconquistadorredloslagos.cl\/test\/wp-content\/uploads\/2026\/08\/Diseno-sin-titulo-4-10-150x150.jpg",150,150,true],"medium":["https:\/\/elconquistadorredloslagos.cl\/test\/wp-content\/uploads\/2026\/08\/Diseno-sin-titulo-4-10-300x169.jpg",300,169,true],"large":["https:\/\/elconquistadorredloslagos.cl\/test\/wp-content\/uploads\/2026\/08\/Diseno-sin-titulo-4-10-1024x576.jpg",1024,576,true],"1536x1536":["https:\/\/elconquistadorredloslagos.cl\/test\/wp-content\/uploads\/2026\/08\/Diseno-sin-titulo-4-10-1536x864.jpg",1536,864,true],"2048x2048":["https:\/\/elconquistadorredloslagos.cl\/test\/wp-content\/uploads\/2026\/08\/Diseno-sin-titulo-4-10.jpg",1920,1080,false]},"rttpg_author":{"display_name":"ccardenas","author_link":"https:\/\/elconquistadorredloslagos.cl\/test\/blog\/author\/ccardenas\/"},"rttpg_comment":0,"rttpg_category":"<a href=\"https:\/\/elconquistadorredloslagos.cl\/test\/blog\/category\/actual\/acontecer\/\" rel=\"category tag\">Acontecer<\/a> <a href=\"https:\/\/elconquistadorredloslagos.cl\/test\/blog\/category\/actual\/\" rel=\"category tag\">Actualidad<\/a> <a href=\"https:\/\/elconquistadorredloslagos.cl\/test\/blog\/category\/regional\/\" rel=\"category tag\">Regional<\/a>","rttpg_excerpt":"El terreno de SERVIU ubicado en Bah\u00eda Toninas, en Chait\u00e9n, entrar\u00e1 ahora a una etapa de estudios t\u00e9cnicos para determinar si sus condiciones permiten levantar all\u00ed un futuro proyecto habitacional...","_links":{"self":[{"href":"https:\/\/elconquistadorredloslagos.cl\/test\/wp-json\/wp\/v2\/posts\/23405","targetHints":{"allow":["GET"]}}],"collection":[{"href":"https:\/\/elconquistadorredloslagos.cl\/test\/wp-json\/wp\/v2\/posts"}],"about":[{"href":"https:\/\/elconquistadorredloslagos.cl\/test\/wp-json\/wp\/v2\/types\/post"}],"author":[{"embeddable":true,"href":"https:\/\/elconquistadorredloslagos.cl\/test\/wp-json\/wp\/v2\/users\/2"}],"replies":[{"embeddable":true,"href":"https:\/\/elconquistadorredloslagos.cl\/test\/wp-json\/wp\/v2\/comments?post=23405"}],"version-history":[{"count":1,"href":"https:\/\/elconquistadorredloslagos.cl\/test\/wp-json\/wp\/v2\/posts\/23405\/revisions"}],"predecessor-version":[{"id":23407,"href":"https:\/\/elconquistadorredloslagos.cl\/test\/wp-json\/wp\/v2\/posts\/23405\/revisions\/23407"}],"wp:featuredmedia":[{"embeddable":true,"href":"https:\/\/elconquistadorredloslagos.cl\/test\/wp-json\/wp\/v2\/media\/23406"}],"wp:attachment":[{"href":"https:\/\/elconquistadorredloslagos.cl\/test\/wp-json\/wp\/v2\/media?parent=23405"}],"wp:term":[{"taxonomy":"category","embeddable":true,"href":"https:\/\/elconquistadorredloslagos.cl\/test\/wp-json\/wp\/v2\/categories?post=23405"},{"taxonomy":"post_tag","embeddable":true,"href":"https:\/\/elconquistadorredloslagos.cl\/test\/wp-json\/wp\/v2\/tags?post=23405"}],"curies":[{"name":"wp","href":"https:\/\/api.w.org\/{rel}","templated":true}]}}