{"id":23398,"date":"2026-08-31T18:48:57","date_gmt":"2026-08-31T22:48:57","guid":{"rendered":"https:\/\/elconquistadorredloslagos.cl\/test\/?p=23398"},"modified":"2026-08-31T18:48:58","modified_gmt":"2026-08-31T22:48:58","slug":"incendio-en-isla-de-quellon-deja-una-mujer-fallecida-y-a-su-hijo-con-graves-quemaduras","status":"publish","type":"post","link":"https:\/\/elconquistadorredloslagos.cl\/test\/blog\/2026\/08\/31\/incendio-en-isla-de-quellon-deja-una-mujer-fallecida-y-a-su-hijo-con-graves-quemaduras\/","title":{"rendered":"Incendio en isla de Quell\u00f3n deja una mujer fallecida y a su hijo con graves quemaduras"},"content":{"rendered":"\n<p class=\"wp-block-paragraph\">Una tragedia se registr\u00f3 durante la tarde de este domingo en una isla de la comuna de Quell\u00f3n, donde un incendio consumi\u00f3 por completo una vivienda y dej\u00f3 como saldo una mujer de 82 a\u00f1os fallecida y su hijo, de 59, con quemaduras de car\u00e1cter grave. Con este caso, ya son ocho las personas que han muerto este a\u00f1o en la Regi\u00f3n de Los Lagos a causa de incendios estructurales.<\/p>\n\n\n\n<p class=\"wp-block-paragraph\">El fuego destruy\u00f3 una casa de aproximadamente 240 metros cuadrados. Fueron vecinos quienes alertaron a Carabineros y dieron cuenta de que una persona podr\u00eda encontrarse en el interior.<\/p>\n\n\n\n<p class=\"wp-block-paragraph\">Hasta el lugar lleg\u00f3 personal de la Sexta Comisar\u00eda de Quell\u00f3n a bordo de una lancha de la Armada, junto a Bomberos y funcionarios del Departamento de Estudios T\u00e9cnicos. Por instrucci\u00f3n del Ministerio P\u00fablico, el sitio qued\u00f3 aislado para desarrollar las primeras diligencias y determinar las causas y el origen del siniestro.<\/p>\n\n\n\n<p class=\"wp-block-paragraph\">El hombre de 59 a\u00f1os fue atendido y estabilizado por equipos del SAMU, siendo trasladado al Hospital de Quell\u00f3n. Debido a la gravedad de sus lesiones, se evaluaba su derivaci\u00f3n a la UPC del Hospital de Castro.<\/p>\n\n\n\n<p class=\"wp-block-paragraph\">El Servicio M\u00e9dico Legal realizar\u00e1 el levantamiento del cuerpo, que ser\u00e1 trasladado a Castro para la autopsia correspondiente.<\/p>\n\n\n\n<p class=\"wp-block-paragraph\">\ud83d\udcf7 Cedida<\/p>\n","protected":false},"excerpt":{"rendered":"<p>Una tragedia se registr\u00f3 durante la tarde de este domingo en una isla de la comuna de Quell\u00f3n, donde un incendio consumi\u00f3 por completo una vivienda y dej\u00f3 como saldo..<\/p>\n","protected":false},"author":2,"featured_media":23399,"comment_status":"closed","ping_status":"open","sticky":false,"template":"","format":"standard","meta":{"footnotes":""},"categories":[1,28,51],"tags":[],"class_list":["post-23398","post","type-post","status-publish","format-standard","has-post-thumbnail","hentry","category-acontecer","category-actual","category-chiloe"],"rttpg_featured_image_url":{"full":["https:\/\/elconquistadorredloslagos.cl\/test\/wp-content\/uploads\/2026\/08\/Diseno-sin-titulo-2-17.jpg",1920,1080,false],"landscape":["https:\/\/elconquistadorredloslagos.cl\/test\/wp-content\/uploads\/2026\/08\/Diseno-sin-titulo-2-17.jpg",1920,1080,false],"portraits":["https:\/\/elconquistadorredloslagos.cl\/test\/wp-content\/uploads\/2026\/08\/Diseno-sin-titulo-2-17.jpg",1920,1080,false],"thumbnail":["https:\/\/elconquistadorredloslagos.cl\/test\/wp-content\/uploads\/2026\/08\/Diseno-sin-titulo-2-17-150x150.jpg",150,150,true],"medium":["https:\/\/elconquistadorredloslagos.cl\/test\/wp-content\/uploads\/2026\/08\/Diseno-sin-titulo-2-17-300x169.jpg",300,169,true],"large":["https:\/\/elconquistadorredloslagos.cl\/test\/wp-content\/uploads\/2026\/08\/Diseno-sin-titulo-2-17-1024x576.jpg",1024,576,true],"1536x1536":["https:\/\/elconquistadorredloslagos.cl\/test\/wp-content\/uploads\/2026\/08\/Diseno-sin-titulo-2-17-1536x864.jpg",1536,864,true],"2048x2048":["https:\/\/elconquistadorredloslagos.cl\/test\/wp-content\/uploads\/2026\/08\/Diseno-sin-titulo-2-17.jpg",1920,1080,false]},"rttpg_author":{"display_name":"ccardenas","author_link":"https:\/\/elconquistadorredloslagos.cl\/test\/blog\/author\/ccardenas\/"},"rttpg_comment":0,"rttpg_category":"<a href=\"https:\/\/elconquistadorredloslagos.cl\/test\/blog\/category\/actual\/acontecer\/\" rel=\"category tag\">Acontecer<\/a> <a href=\"https:\/\/elconquistadorredloslagos.cl\/test\/blog\/category\/actual\/\" rel=\"category tag\">Actualidad<\/a> <a href=\"https:\/\/elconquistadorredloslagos.cl\/test\/blog\/category\/chile\/chiloe\/\" rel=\"category tag\">Chilo\u00e9<\/a>","rttpg_excerpt":"Una tragedia se registr\u00f3 durante la tarde de este domingo en una isla de la comuna de Quell\u00f3n, donde un incendio consumi\u00f3 por completo una vivienda y dej\u00f3 como saldo..","_links":{"self":[{"href":"https:\/\/elconquistadorredloslagos.cl\/test\/wp-json\/wp\/v2\/posts\/23398","targetHints":{"allow":["GET"]}}],"collection":[{"href":"https:\/\/elconquistadorredloslagos.cl\/test\/wp-json\/wp\/v2\/posts"}],"about":[{"href":"https:\/\/elconquistadorredloslagos.cl\/test\/wp-json\/wp\/v2\/types\/post"}],"author":[{"embeddable":true,"href":"https:\/\/elconquistadorredloslagos.cl\/test\/wp-json\/wp\/v2\/users\/2"}],"replies":[{"embeddable":true,"href":"https:\/\/elconquistadorredloslagos.cl\/test\/wp-json\/wp\/v2\/comments?post=23398"}],"version-history":[{"count":1,"href":"https:\/\/elconquistadorredloslagos.cl\/test\/wp-json\/wp\/v2\/posts\/23398\/revisions"}],"predecessor-version":[{"id":23400,"href":"https:\/\/elconquistadorredloslagos.cl\/test\/wp-json\/wp\/v2\/posts\/23398\/revisions\/23400"}],"wp:featuredmedia":[{"embeddable":true,"href":"https:\/\/elconquistadorredloslagos.cl\/test\/wp-json\/wp\/v2\/media\/23399"}],"wp:attachment":[{"href":"https:\/\/elconquistadorredloslagos.cl\/test\/wp-json\/wp\/v2\/media?parent=23398"}],"wp:term":[{"taxonomy":"category","embeddable":true,"href":"https:\/\/elconquistadorredloslagos.cl\/test\/wp-json\/wp\/v2\/categories?post=23398"},{"taxonomy":"post_tag","embeddable":true,"href":"https:\/\/elconquistadorredloslagos.cl\/test\/wp-json\/wp\/v2\/tags?post=23398"}],"curies":[{"name":"wp","href":"https:\/\/api.w.org\/{rel}","templated":true}]}}