{"id":23395,"date":"2026-08-31T15:50:11","date_gmt":"2026-08-31T19:50:11","guid":{"rendered":"https:\/\/elconquistadorredloslagos.cl\/test\/?p=23395"},"modified":"2026-08-31T15:50:12","modified_gmt":"2026-08-31T19:50:12","slug":"proyecto-del-nuevo-centro-de-rehabilitacion-chiloe-en-ancud-avanza-hacia-su-etapa-de-diseno","status":"publish","type":"post","link":"https:\/\/elconquistadorredloslagos.cl\/test\/blog\/2026\/08\/31\/proyecto-del-nuevo-centro-de-rehabilitacion-chiloe-en-ancud-avanza-hacia-su-etapa-de-diseno\/","title":{"rendered":"Proyecto del nuevo Centro de Rehabilitaci\u00f3n Chilo\u00e9 en Ancud avanza hacia su etapa de dise\u00f1o"},"content":{"rendered":"\n<p class=\"wp-block-paragraph\">El proyecto para levantar un nuevo Centro de Rehabilitaci\u00f3n Chilo\u00e9 en Ancud dio un paso clave, luego de que el Gobierno Regional de Los Lagos comprometiera su respaldo para financiar la etapa de dise\u00f1o de la futura infraestructura.<\/p>\n\n\n\n<p class=\"wp-block-paragraph\">El anuncio se conoci\u00f3 durante la conmemoraci\u00f3n del primer aniversario de la atenci\u00f3n de quimioterapia ambulatoria en la comuna. El financiamiento deber\u00e1 ser votado en el pr\u00f3ximo plenario del Consejo Regional.<\/p>\n\n\n\n<p class=\"wp-block-paragraph\">La etapa de dise\u00f1o considera una inversi\u00f3n de $176 millones 130 mil e incluye arquitectura, ingenier\u00eda y otras especialidades, como antesala a la ejecuci\u00f3n de las obras. El recinto proyectado contempla cerca de 1.781 metros cuadrados, con \u00e1reas cl\u00ednicas, espacios para rehabilitaci\u00f3n infantil y de adultos, gimnasios y dependencias terap\u00e9uticas. La iniciativa ya cuenta con Recomendaci\u00f3n Satisfactoria (RS).<\/p>\n\n\n\n<p class=\"wp-block-paragraph\">La presidenta de la Corporaci\u00f3n de Rehabilitaci\u00f3n, Leyla Yurie, tambi\u00e9n inform\u00f3 sobre gestiones realizadas en Santiago ante el subsecretario de Redes Asistenciales. El objetivo es conformar una mesa de trabajo que permita triplicar durante 2027 el actual aporte de Fonasa, que alcanza los $170 millones.<\/p>\n\n\n\n<p class=\"wp-block-paragraph\">Seg\u00fan Yurie, estos recursos ayudar\u00edan a financiar gran parte de los gastos operacionales, adem\u00e1s de mejorar las instalaciones y ampliar la cobertura de atenci\u00f3n para la comunidad.<\/p>\n\n\n\n<p class=\"wp-block-paragraph\">\ud83d\udcf7 GORE Los Lagos<\/p>\n","protected":false},"excerpt":{"rendered":"<p>El proyecto para levantar un nuevo Centro de Rehabilitaci\u00f3n Chilo\u00e9 en Ancud dio un paso clave, luego de que el Gobierno Regional de Los Lagos comprometiera su respaldo para financiar..<\/p>\n","protected":false},"author":2,"featured_media":23396,"comment_status":"closed","ping_status":"open","sticky":false,"template":"","format":"standard","meta":{"footnotes":""},"categories":[1,28,51],"tags":[],"class_list":["post-23395","post","type-post","status-publish","format-standard","has-post-thumbnail","hentry","category-acontecer","category-actual","category-chiloe"],"rttpg_featured_image_url":{"full":["https:\/\/elconquistadorredloslagos.cl\/test\/wp-content\/uploads\/2026\/08\/Diseno-sin-titulo-1-24.jpg",1920,1080,false],"landscape":["https:\/\/elconquistadorredloslagos.cl\/test\/wp-content\/uploads\/2026\/08\/Diseno-sin-titulo-1-24.jpg",1920,1080,false],"portraits":["https:\/\/elconquistadorredloslagos.cl\/test\/wp-content\/uploads\/2026\/08\/Diseno-sin-titulo-1-24.jpg",1920,1080,false],"thumbnail":["https:\/\/elconquistadorredloslagos.cl\/test\/wp-content\/uploads\/2026\/08\/Diseno-sin-titulo-1-24-150x150.jpg",150,150,true],"medium":["https:\/\/elconquistadorredloslagos.cl\/test\/wp-content\/uploads\/2026\/08\/Diseno-sin-titulo-1-24-300x169.jpg",300,169,true],"large":["https:\/\/elconquistadorredloslagos.cl\/test\/wp-content\/uploads\/2026\/08\/Diseno-sin-titulo-1-24-1024x576.jpg",1024,576,true],"1536x1536":["https:\/\/elconquistadorredloslagos.cl\/test\/wp-content\/uploads\/2026\/08\/Diseno-sin-titulo-1-24-1536x864.jpg",1536,864,true],"2048x2048":["https:\/\/elconquistadorredloslagos.cl\/test\/wp-content\/uploads\/2026\/08\/Diseno-sin-titulo-1-24.jpg",1920,1080,false]},"rttpg_author":{"display_name":"ccardenas","author_link":"https:\/\/elconquistadorredloslagos.cl\/test\/blog\/author\/ccardenas\/"},"rttpg_comment":0,"rttpg_category":"<a href=\"https:\/\/elconquistadorredloslagos.cl\/test\/blog\/category\/actual\/acontecer\/\" rel=\"category tag\">Acontecer<\/a> <a href=\"https:\/\/elconquistadorredloslagos.cl\/test\/blog\/category\/actual\/\" rel=\"category tag\">Actualidad<\/a> <a href=\"https:\/\/elconquistadorredloslagos.cl\/test\/blog\/category\/chile\/chiloe\/\" rel=\"category tag\">Chilo\u00e9<\/a>","rttpg_excerpt":"El proyecto para levantar un nuevo Centro de Rehabilitaci\u00f3n Chilo\u00e9 en Ancud dio un paso clave, luego de que el Gobierno Regional de Los Lagos comprometiera su respaldo para financiar..","_links":{"self":[{"href":"https:\/\/elconquistadorredloslagos.cl\/test\/wp-json\/wp\/v2\/posts\/23395","targetHints":{"allow":["GET"]}}],"collection":[{"href":"https:\/\/elconquistadorredloslagos.cl\/test\/wp-json\/wp\/v2\/posts"}],"about":[{"href":"https:\/\/elconquistadorredloslagos.cl\/test\/wp-json\/wp\/v2\/types\/post"}],"author":[{"embeddable":true,"href":"https:\/\/elconquistadorredloslagos.cl\/test\/wp-json\/wp\/v2\/users\/2"}],"replies":[{"embeddable":true,"href":"https:\/\/elconquistadorredloslagos.cl\/test\/wp-json\/wp\/v2\/comments?post=23395"}],"version-history":[{"count":1,"href":"https:\/\/elconquistadorredloslagos.cl\/test\/wp-json\/wp\/v2\/posts\/23395\/revisions"}],"predecessor-version":[{"id":23397,"href":"https:\/\/elconquistadorredloslagos.cl\/test\/wp-json\/wp\/v2\/posts\/23395\/revisions\/23397"}],"wp:featuredmedia":[{"embeddable":true,"href":"https:\/\/elconquistadorredloslagos.cl\/test\/wp-json\/wp\/v2\/media\/23396"}],"wp:attachment":[{"href":"https:\/\/elconquistadorredloslagos.cl\/test\/wp-json\/wp\/v2\/media?parent=23395"}],"wp:term":[{"taxonomy":"category","embeddable":true,"href":"https:\/\/elconquistadorredloslagos.cl\/test\/wp-json\/wp\/v2\/categories?post=23395"},{"taxonomy":"post_tag","embeddable":true,"href":"https:\/\/elconquistadorredloslagos.cl\/test\/wp-json\/wp\/v2\/tags?post=23395"}],"curies":[{"name":"wp","href":"https:\/\/api.w.org\/{rel}","templated":true}]}}