{"id":23392,"date":"2026-08-31T15:47:35","date_gmt":"2026-08-31T19:47:35","guid":{"rendered":"https:\/\/elconquistadorredloslagos.cl\/test\/?p=23392"},"modified":"2026-08-31T15:47:42","modified_gmt":"2026-08-31T19:47:42","slug":"mas-de-2-500-peregrinos-llegaron-hasta-caguach-para-participar-en-la-tradicional-fiesta-del-nazareno","status":"publish","type":"post","link":"https:\/\/elconquistadorredloslagos.cl\/test\/blog\/2026\/08\/31\/mas-de-2-500-peregrinos-llegaron-hasta-caguach-para-participar-en-la-tradicional-fiesta-del-nazareno\/","title":{"rendered":"M\u00e1s de 2.500 peregrinos llegaron hasta Caguach para participar en la tradicional fiesta del Nazareno"},"content":{"rendered":"\n<p class=\"wp-block-paragraph\">Desde distintos puntos de Chilo\u00e9 comenzaron a llegar durante la jornada los fieles que se trasladaron hasta la Isla de Caguach, en la comuna de Quinchao, para participar de una de las celebraciones religiosas m\u00e1s importantes del archipi\u00e9lago. M\u00e1s de 2.500 peregrinos se reunieron en torno a la imagen de Jes\u00fas Nazareno, en una jornada marcada por la oraci\u00f3n, la tradici\u00f3n y el encuentro de las comunidades.<\/p>\n\n\n\n<p class=\"wp-block-paragraph\">La actividad central estuvo encabezada por la misa principal, presidida por el obispo de la Di\u00f3cesis San Carlos de Ancud, Monse\u00f1or Juan Mar\u00eda Agurto, quien llam\u00f3 a los asistentes a encontrar en el Nazareno un reflejo del mensaje del Evangelio.<\/p>\n\n\n\n<p class=\"wp-block-paragraph\">La celebraci\u00f3n tuvo adem\u00e1s un car\u00e1cter especial este a\u00f1o, ya que el 30 de agosto coincidi\u00f3 con un domingo, algo que ocurre solamente cada seis a\u00f1os.<\/p>\n\n\n\n<p class=\"wp-block-paragraph\">Familias y feligreses provenientes de diferentes localidades de Chilo\u00e9 volvieron a Caguach para agradecer, realizar peticiones y renovar su fe, dando continuidad a una tradici\u00f3n que se mantiene vigente desde hace m\u00e1s de dos siglos.<\/p>\n\n\n\n<p class=\"wp-block-paragraph\">\ud83d\udcf7 Delegaci\u00f3n Chilo\u00e9<\/p>\n","protected":false},"excerpt":{"rendered":"<p>Desde distintos puntos de Chilo\u00e9 comenzaron a llegar durante la jornada los fieles que se trasladaron hasta la Isla de Caguach, en la comuna de Quinchao, para participar de una..<\/p>\n","protected":false},"author":2,"featured_media":23393,"comment_status":"closed","ping_status":"open","sticky":false,"template":"","format":"standard","meta":{"footnotes":""},"categories":[1,28,51],"tags":[],"class_list":["post-23392","post","type-post","status-publish","format-standard","has-post-thumbnail","hentry","category-acontecer","category-actual","category-chiloe"],"rttpg_featured_image_url":{"full":["https:\/\/elconquistadorredloslagos.cl\/test\/wp-content\/uploads\/2026\/08\/Diseno-sin-titulo.png",1920,1080,false],"landscape":["https:\/\/elconquistadorredloslagos.cl\/test\/wp-content\/uploads\/2026\/08\/Diseno-sin-titulo.png",1920,1080,false],"portraits":["https:\/\/elconquistadorredloslagos.cl\/test\/wp-content\/uploads\/2026\/08\/Diseno-sin-titulo.png",1920,1080,false],"thumbnail":["https:\/\/elconquistadorredloslagos.cl\/test\/wp-content\/uploads\/2026\/08\/Diseno-sin-titulo-150x150.png",150,150,true],"medium":["https:\/\/elconquistadorredloslagos.cl\/test\/wp-content\/uploads\/2026\/08\/Diseno-sin-titulo-300x169.png",300,169,true],"large":["https:\/\/elconquistadorredloslagos.cl\/test\/wp-content\/uploads\/2026\/08\/Diseno-sin-titulo-1024x576.png",1024,576,true],"1536x1536":["https:\/\/elconquistadorredloslagos.cl\/test\/wp-content\/uploads\/2026\/08\/Diseno-sin-titulo-1536x864.png",1536,864,true],"2048x2048":["https:\/\/elconquistadorredloslagos.cl\/test\/wp-content\/uploads\/2026\/08\/Diseno-sin-titulo.png",1920,1080,false]},"rttpg_author":{"display_name":"ccardenas","author_link":"https:\/\/elconquistadorredloslagos.cl\/test\/blog\/author\/ccardenas\/"},"rttpg_comment":0,"rttpg_category":"<a href=\"https:\/\/elconquistadorredloslagos.cl\/test\/blog\/category\/actual\/acontecer\/\" rel=\"category tag\">Acontecer<\/a> <a href=\"https:\/\/elconquistadorredloslagos.cl\/test\/blog\/category\/actual\/\" rel=\"category tag\">Actualidad<\/a> <a href=\"https:\/\/elconquistadorredloslagos.cl\/test\/blog\/category\/chile\/chiloe\/\" rel=\"category tag\">Chilo\u00e9<\/a>","rttpg_excerpt":"Desde distintos puntos de Chilo\u00e9 comenzaron a llegar durante la jornada los fieles que se trasladaron hasta la Isla de Caguach, en la comuna de Quinchao, para participar de una..","_links":{"self":[{"href":"https:\/\/elconquistadorredloslagos.cl\/test\/wp-json\/wp\/v2\/posts\/23392","targetHints":{"allow":["GET"]}}],"collection":[{"href":"https:\/\/elconquistadorredloslagos.cl\/test\/wp-json\/wp\/v2\/posts"}],"about":[{"href":"https:\/\/elconquistadorredloslagos.cl\/test\/wp-json\/wp\/v2\/types\/post"}],"author":[{"embeddable":true,"href":"https:\/\/elconquistadorredloslagos.cl\/test\/wp-json\/wp\/v2\/users\/2"}],"replies":[{"embeddable":true,"href":"https:\/\/elconquistadorredloslagos.cl\/test\/wp-json\/wp\/v2\/comments?post=23392"}],"version-history":[{"count":1,"href":"https:\/\/elconquistadorredloslagos.cl\/test\/wp-json\/wp\/v2\/posts\/23392\/revisions"}],"predecessor-version":[{"id":23394,"href":"https:\/\/elconquistadorredloslagos.cl\/test\/wp-json\/wp\/v2\/posts\/23392\/revisions\/23394"}],"wp:featuredmedia":[{"embeddable":true,"href":"https:\/\/elconquistadorredloslagos.cl\/test\/wp-json\/wp\/v2\/media\/23393"}],"wp:attachment":[{"href":"https:\/\/elconquistadorredloslagos.cl\/test\/wp-json\/wp\/v2\/media?parent=23392"}],"wp:term":[{"taxonomy":"category","embeddable":true,"href":"https:\/\/elconquistadorredloslagos.cl\/test\/wp-json\/wp\/v2\/categories?post=23392"},{"taxonomy":"post_tag","embeddable":true,"href":"https:\/\/elconquistadorredloslagos.cl\/test\/wp-json\/wp\/v2\/tags?post=23392"}],"curies":[{"name":"wp","href":"https:\/\/api.w.org\/{rel}","templated":true}]}}