{"id":23387,"date":"2026-08-31T14:32:37","date_gmt":"2026-08-31T18:32:37","guid":{"rendered":"https:\/\/elconquistadorredloslagos.cl\/test\/?p=23387"},"modified":"2026-08-31T14:32:38","modified_gmt":"2026-08-31T18:32:38","slug":"dalcahue-fortalece-la-prevencion-y-coordinacion-en-seguridad","status":"publish","type":"post","link":"https:\/\/elconquistadorredloslagos.cl\/test\/blog\/2026\/08\/31\/dalcahue-fortalece-la-prevencion-y-coordinacion-en-seguridad\/","title":{"rendered":"Dalcahue fortalece la prevenci\u00f3n y coordinaci\u00f3n en seguridad"},"content":{"rendered":"\n<p class=\"wp-block-paragraph\">La Oficina de Seguridad P\u00fablica de la municipalidad de Dalcahue desarroll\u00f3 durante agosto un ciclo de actividades preventivas y de difusi\u00f3n en establecimientos educacionales de sectores urbanos y rurales de la comuna, fortaleciendo el trabajo directo con estudiantes, apoderados y comunidades educativas.<\/p>\n\n\n\n<p class=\"wp-block-paragraph\">Las jornadas se realizaron en el Colegio El Array\u00e1n, Colegio Terramar, Colegio Rural Mallinlemu y Liceo Bicentenario, abordando materias relacionadas con el rol y las funciones de la Oficina de Seguridad P\u00fablica, el sistema comunal de c\u00e1maras de videovigilancia y la promoci\u00f3n del Fono Denuncia An\u00f3nima 4242.<\/p>\n\n\n\n<p class=\"wp-block-paragraph\">En el Liceo Bicentenario se aplic\u00f3 adem\u00e1s la Encuesta Juventud y Bienestar de SENDA, instrumento que permitir\u00e1 disponer de informaci\u00f3n local relacionada con salud, bienestar emocional y prevenci\u00f3n del consumo de alcohol y otras drogas entre adolescentes y j\u00f3venes.<\/p>\n\n\n\n<p class=\"wp-block-paragraph\">La alcaldesa de Dalcahue, Alejandra Villegas, destac\u00f3 la importancia de mantener este trabajo preventivo directamente en los establecimientos educacionales, acercando informaci\u00f3n y herramientas a estudiantes, apoderados y comunidades educativas, junto con fortalecer la coordinaci\u00f3n entre las instituciones que trabajan en materia de seguridad y prevenci\u00f3n en la comuna.<\/p>\n\n\n\n<p class=\"wp-block-paragraph\">Como parte de estas acciones tambi\u00e9n se desarroll\u00f3 un taller sobre Responsabilidad Penal Adolescente, que cont\u00f3 con la participaci\u00f3n del jefe de la Tenencia de Dalcahue, suboficial mayor de Carabineros Marcelo Calder\u00f3n Gatica, y del comisario de la 2.\u00aa Comisar\u00eda de Castro, mayor Francisco Torres Maluenda.<\/p>\n\n\n\n<p class=\"wp-block-paragraph\">En un \u00e1mbito complementario del trabajo comunal de seguridad, se desarroll\u00f3 recientemente una sesi\u00f3n encabezada por Fernando Ruiz Portilla, Administrador Municipal, con la participaci\u00f3n del equipo municipal de Seguridad P\u00fablica, concejales y representantes de Carabineros, Armada, Gendarmer\u00eda, PDI, Fiscal\u00eda, Juzgado de Polic\u00eda Local, Ministerio de Seguridad P\u00fablica, SENDA, SAG, DGAC y Delegaci\u00f3n Provincial, entre otras instituciones.<\/p>\n\n\n\n<p class=\"wp-block-paragraph\">Durante la jornada se present\u00f3 la implementaci\u00f3n de la Ley N\u00b021.802 de Seguridad Municipal, que incorpora nuevas disposiciones para los Consejos Comunales de Seguridad, entre ellas sesiones trimestrales obligatorias, nuevos integrantes permanentes y la creaci\u00f3n de un Comit\u00e9 Operativo para impulsar acciones preventivas y fiscalizadoras.<\/p>\n\n\n\n<p class=\"wp-block-paragraph\">El trabajo realizado durante agosto busca fortalecer una mirada preventiva de la seguridad, entregando informaci\u00f3n \u00fatil a las comunidades educativas y promoviendo la participaci\u00f3n y la corresponsabilidad.<\/p>\n\n\n\n<figure class=\"wp-block-gallery has-nested-images columns-default is-cropped wp-block-gallery-1 is-layout-flex wp-block-gallery-is-layout-flex\">\n<figure class=\"wp-block-image size-large\"><img loading=\"lazy\" decoding=\"async\" width=\"1024\" height=\"768\" data-id=\"23389\" src=\"https:\/\/elconquistadorredloslagos.cl\/test\/wp-content\/uploads\/2026\/08\/portada-1-1024x768.jpg\" alt=\"\" class=\"wp-image-23389\" \/><\/figure>\n\n\n\n<figure class=\"wp-block-image size-large\"><img loading=\"lazy\" decoding=\"async\" width=\"1024\" height=\"775\" data-id=\"23390\" src=\"https:\/\/elconquistadorredloslagos.cl\/test\/wp-content\/uploads\/2026\/08\/SEGURIDAD-1024x775.jpg\" alt=\"\" class=\"wp-image-23390\" \/><\/figure>\n<\/figure>\n","protected":false},"excerpt":{"rendered":"<p>La Oficina de Seguridad P\u00fablica de la municipalidad de Dalcahue desarroll\u00f3 durante agosto un ciclo de actividades preventivas y de difusi\u00f3n en establecimientos educacionales de sectores urbanos y rurales de..<\/p>\n","protected":false},"author":2,"featured_media":23388,"comment_status":"closed","ping_status":"open","sticky":false,"template":"","format":"standard","meta":{"footnotes":""},"categories":[1,28,51],"tags":[],"class_list":["post-23387","post","type-post","status-publish","format-standard","has-post-thumbnail","hentry","category-acontecer","category-actual","category-chiloe"],"rttpg_featured_image_url":{"full":["https:\/\/elconquistadorredloslagos.cl\/test\/wp-content\/uploads\/2026\/08\/Diseno-sin-titulo-41.jpg",1920,1080,false],"landscape":["https:\/\/elconquistadorredloslagos.cl\/test\/wp-content\/uploads\/2026\/08\/Diseno-sin-titulo-41.jpg",1920,1080,false],"portraits":["https:\/\/elconquistadorredloslagos.cl\/test\/wp-content\/uploads\/2026\/08\/Diseno-sin-titulo-41.jpg",1920,1080,false],"thumbnail":["https:\/\/elconquistadorredloslagos.cl\/test\/wp-content\/uploads\/2026\/08\/Diseno-sin-titulo-41-150x150.jpg",150,150,true],"medium":["https:\/\/elconquistadorredloslagos.cl\/test\/wp-content\/uploads\/2026\/08\/Diseno-sin-titulo-41-300x169.jpg",300,169,true],"large":["https:\/\/elconquistadorredloslagos.cl\/test\/wp-content\/uploads\/2026\/08\/Diseno-sin-titulo-41-1024x576.jpg",1024,576,true],"1536x1536":["https:\/\/elconquistadorredloslagos.cl\/test\/wp-content\/uploads\/2026\/08\/Diseno-sin-titulo-41-1536x864.jpg",1536,864,true],"2048x2048":["https:\/\/elconquistadorredloslagos.cl\/test\/wp-content\/uploads\/2026\/08\/Diseno-sin-titulo-41.jpg",1920,1080,false]},"rttpg_author":{"display_name":"ccardenas","author_link":"https:\/\/elconquistadorredloslagos.cl\/test\/blog\/author\/ccardenas\/"},"rttpg_comment":0,"rttpg_category":"<a href=\"https:\/\/elconquistadorredloslagos.cl\/test\/blog\/category\/actual\/acontecer\/\" rel=\"category tag\">Acontecer<\/a> <a href=\"https:\/\/elconquistadorredloslagos.cl\/test\/blog\/category\/actual\/\" rel=\"category tag\">Actualidad<\/a> <a href=\"https:\/\/elconquistadorredloslagos.cl\/test\/blog\/category\/chile\/chiloe\/\" rel=\"category tag\">Chilo\u00e9<\/a>","rttpg_excerpt":"La Oficina de Seguridad P\u00fablica de la municipalidad de Dalcahue desarroll\u00f3 durante agosto un ciclo de actividades preventivas y de difusi\u00f3n en establecimientos educacionales de sectores urbanos y rurales de..","_links":{"self":[{"href":"https:\/\/elconquistadorredloslagos.cl\/test\/wp-json\/wp\/v2\/posts\/23387","targetHints":{"allow":["GET"]}}],"collection":[{"href":"https:\/\/elconquistadorredloslagos.cl\/test\/wp-json\/wp\/v2\/posts"}],"about":[{"href":"https:\/\/elconquistadorredloslagos.cl\/test\/wp-json\/wp\/v2\/types\/post"}],"author":[{"embeddable":true,"href":"https:\/\/elconquistadorredloslagos.cl\/test\/wp-json\/wp\/v2\/users\/2"}],"replies":[{"embeddable":true,"href":"https:\/\/elconquistadorredloslagos.cl\/test\/wp-json\/wp\/v2\/comments?post=23387"}],"version-history":[{"count":1,"href":"https:\/\/elconquistadorredloslagos.cl\/test\/wp-json\/wp\/v2\/posts\/23387\/revisions"}],"predecessor-version":[{"id":23391,"href":"https:\/\/elconquistadorredloslagos.cl\/test\/wp-json\/wp\/v2\/posts\/23387\/revisions\/23391"}],"wp:featuredmedia":[{"embeddable":true,"href":"https:\/\/elconquistadorredloslagos.cl\/test\/wp-json\/wp\/v2\/media\/23388"}],"wp:attachment":[{"href":"https:\/\/elconquistadorredloslagos.cl\/test\/wp-json\/wp\/v2\/media?parent=23387"}],"wp:term":[{"taxonomy":"category","embeddable":true,"href":"https:\/\/elconquistadorredloslagos.cl\/test\/wp-json\/wp\/v2\/categories?post=23387"},{"taxonomy":"post_tag","embeddable":true,"href":"https:\/\/elconquistadorredloslagos.cl\/test\/wp-json\/wp\/v2\/tags?post=23387"}],"curies":[{"name":"wp","href":"https:\/\/api.w.org\/{rel}","templated":true}]}}