{"id":23384,"date":"2026-08-31T11:34:03","date_gmt":"2026-08-31T15:34:03","guid":{"rendered":"https:\/\/elconquistadorredloslagos.cl\/test\/?p=23384"},"modified":"2026-08-31T11:34:03","modified_gmt":"2026-08-31T15:34:03","slug":"presidente-de-salmonchile-abordo-con-estudiantes-de-la-red-de-colegios-patagonia-los-desafios-y-oportunidades-del-mar","status":"publish","type":"post","link":"https:\/\/elconquistadorredloslagos.cl\/test\/blog\/2026\/08\/31\/presidente-de-salmonchile-abordo-con-estudiantes-de-la-red-de-colegios-patagonia-los-desafios-y-oportunidades-del-mar\/","title":{"rendered":"Presidente de SalmonChile abord\u00f3 con estudiantes de la Red de Colegios Patagonia los desaf\u00edos y oportunidades del mar"},"content":{"rendered":"\n<p class=\"wp-block-paragraph\"><em><strong>Patricio&nbsp;Melero&nbsp;particip\u00f3 en un encuentro desarrollado en el Centro de Liderazgo, Emprendimiento e Innovaci\u00f3n (CLEI) junto a j\u00f3venes de Promesas Patagonia, programa que reconoce el desempe\u00f1o acad\u00e9mico de estudiantes de la Red. La conversaci\u00f3n abord\u00f3 salmonicultura, desarrollo, formaci\u00f3n profesional y las oportunidades vinculadas al mar para el futuro de Chile.<\/strong><\/em><\/p>\n\n\n\n<p class=\"wp-block-paragraph\">El presidente de&nbsp;<strong>SalmonChile,&nbsp;Patricio&nbsp;Melero<\/strong>, particip\u00f3 en un encuentro con estudiantes de la Red de Colegios Patagonia, realizado en el Centro de Liderazgo, Emprendimiento e Innovaci\u00f3n (CLEI), donde comparti\u00f3 su experiencia y abord\u00f3 la importancia del mar para el desarrollo del pa\u00eds, junto con las oportunidades profesionales y productivas asociadas a este sector.<\/p>\n\n\n\n<p class=\"wp-block-paragraph\">En la jornada participaron j\u00f3venes de&nbsp;<strong>Promesas Patagonia<\/strong>, iniciativa que re\u00fane a estudiantes reconocidos por su desempe\u00f1o acad\u00e9mico y genera espacios complementarios para ampliar sus conocimientos, intereses y perspectivas de desarrollo.<\/p>\n\n\n\n<p class=\"wp-block-paragraph\">Durante la actividad, los estudiantes conversaron con Melero&nbsp;sobre salmonicultura, innovaci\u00f3n y las diferentes profesiones y actividades que se desarrollan en torno al mar, adem\u00e1s de conocer su visi\u00f3n sobre los desaf\u00edos que enfrentar\u00e1n las nuevas generaciones.<\/p>\n\n\n\n<p class=\"wp-block-paragraph\">La conversaci\u00f3n tambi\u00e9n puso \u00e9nfasis en la formaci\u00f3n, la investigaci\u00f3n y la capacidad de formular preguntas como herramientas para comprender los cambios que experimentan los distintos sectores productivos y explorar nuevas \u00e1reas de desarrollo profesional.<\/p>\n\n\n\n<p class=\"wp-block-paragraph\">Tras el encuentro,&nbsp;Melero&nbsp;se refiri\u00f3 a los principales contenidos abordados durante la jornada.<\/p>\n\n\n\n<p class=\"wp-block-paragraph\"><strong>\u201cHemos tenido una muy interesante conversaci\u00f3n sobre la salmonicultura, sobre la importancia del mar. Hemos conversado que el futuro de la humanidad est\u00e1 en el mar y la importancia de las distintas profesiones y actividades que de este cultivo surgen para el futuro de Chile y del planeta\u201d<\/strong>, se\u00f1al\u00f3 el presidente de SalmonChile.<\/p>\n\n\n\n<p class=\"wp-block-paragraph\">Tambi\u00e9n destac\u00f3 el mensaje que busc\u00f3 transmitir a los estudiantes respecto de su proceso de formaci\u00f3n.<\/p>\n\n\n\n<p class=\"wp-block-paragraph\"><strong>\u201cHa sido una conversaci\u00f3n muy grata, muy entretenida, muy interesante y, sobre todo, poder motivarlos a que encuentren en el esfuerzo diario, en el estudio, en la capacitaci\u00f3n y en la formaci\u00f3n un camino para encontrar un futuro mejor para Chile\u201d<\/strong>, agreg\u00f3.<\/p>\n\n\n\n<p class=\"wp-block-paragraph\">El encuentro se desarroll\u00f3 en el marco de las actividades del&nbsp;<strong>Centro de Liderazgo, Emprendimiento e Innovaci\u00f3n (CLEI)<\/strong>, que contempla instancias de vinculaci\u00f3n entre estudiantes de la Red de Colegios Patagonia y representantes de distintos \u00e1mbitos profesionales, cient\u00edficos, productivos y sociales.<\/p>\n","protected":false},"excerpt":{"rendered":"<p>Patricio&nbsp;Melero&nbsp;particip\u00f3 en un encuentro desarrollado en el Centro de Liderazgo, Emprendimiento e Innovaci\u00f3n (CLEI) junto a j\u00f3venes de Promesas Patagonia, programa que reconoce el desempe\u00f1o acad\u00e9mico de estudiantes de la..<\/p>\n","protected":false},"author":8,"featured_media":23385,"comment_status":"closed","ping_status":"open","sticky":false,"template":"","format":"standard","meta":{"footnotes":""},"categories":[26,39,25,67],"tags":[],"class_list":["post-23384","post","type-post","status-publish","format-standard","has-post-thumbnail","hentry","category-comunidad","category-educacion","category-empresas","category-regional"],"rttpg_featured_image_url":{"full":["https:\/\/elconquistadorredloslagos.cl\/test\/wp-content\/uploads\/2026\/08\/WhatsApp-Image-2026-08-31-at-09.39.08-scaled.jpeg",2560,1920,false],"landscape":["https:\/\/elconquistadorredloslagos.cl\/test\/wp-content\/uploads\/2026\/08\/WhatsApp-Image-2026-08-31-at-09.39.08-scaled.jpeg",2560,1920,false],"portraits":["https:\/\/elconquistadorredloslagos.cl\/test\/wp-content\/uploads\/2026\/08\/WhatsApp-Image-2026-08-31-at-09.39.08-scaled.jpeg",2560,1920,false],"thumbnail":["https:\/\/elconquistadorredloslagos.cl\/test\/wp-content\/uploads\/2026\/08\/WhatsApp-Image-2026-08-31-at-09.39.08-150x150.jpeg",150,150,true],"medium":["https:\/\/elconquistadorredloslagos.cl\/test\/wp-content\/uploads\/2026\/08\/WhatsApp-Image-2026-08-31-at-09.39.08-300x225.jpeg",300,225,true],"large":["https:\/\/elconquistadorredloslagos.cl\/test\/wp-content\/uploads\/2026\/08\/WhatsApp-Image-2026-08-31-at-09.39.08-1024x768.jpeg",1024,768,true],"1536x1536":["https:\/\/elconquistadorredloslagos.cl\/test\/wp-content\/uploads\/2026\/08\/WhatsApp-Image-2026-08-31-at-09.39.08-1536x1152.jpeg",1536,1152,true],"2048x2048":["https:\/\/elconquistadorredloslagos.cl\/test\/wp-content\/uploads\/2026\/08\/WhatsApp-Image-2026-08-31-at-09.39.08-2048x1536.jpeg",2048,1536,true]},"rttpg_author":{"display_name":"cmansilla","author_link":"https:\/\/elconquistadorredloslagos.cl\/test\/blog\/author\/cmansilla\/"},"rttpg_comment":0,"rttpg_category":"<a href=\"https:\/\/elconquistadorredloslagos.cl\/test\/blog\/category\/comunidad\/\" rel=\"category tag\">Comunidad<\/a> <a href=\"https:\/\/elconquistadorredloslagos.cl\/test\/blog\/category\/actual\/educacion\/\" rel=\"category tag\">Educaci\u00f3n<\/a> <a href=\"https:\/\/elconquistadorredloslagos.cl\/test\/blog\/category\/empresas\/\" rel=\"category tag\">Empresarial<\/a> <a href=\"https:\/\/elconquistadorredloslagos.cl\/test\/blog\/category\/regional\/\" rel=\"category tag\">Regional<\/a>","rttpg_excerpt":"Patricio&nbsp;Melero&nbsp;particip\u00f3 en un encuentro desarrollado en el Centro de Liderazgo, Emprendimiento e Innovaci\u00f3n (CLEI) junto a j\u00f3venes de Promesas Patagonia, programa que reconoce el desempe\u00f1o acad\u00e9mico de estudiantes de la..","_links":{"self":[{"href":"https:\/\/elconquistadorredloslagos.cl\/test\/wp-json\/wp\/v2\/posts\/23384","targetHints":{"allow":["GET"]}}],"collection":[{"href":"https:\/\/elconquistadorredloslagos.cl\/test\/wp-json\/wp\/v2\/posts"}],"about":[{"href":"https:\/\/elconquistadorredloslagos.cl\/test\/wp-json\/wp\/v2\/types\/post"}],"author":[{"embeddable":true,"href":"https:\/\/elconquistadorredloslagos.cl\/test\/wp-json\/wp\/v2\/users\/8"}],"replies":[{"embeddable":true,"href":"https:\/\/elconquistadorredloslagos.cl\/test\/wp-json\/wp\/v2\/comments?post=23384"}],"version-history":[{"count":1,"href":"https:\/\/elconquistadorredloslagos.cl\/test\/wp-json\/wp\/v2\/posts\/23384\/revisions"}],"predecessor-version":[{"id":23386,"href":"https:\/\/elconquistadorredloslagos.cl\/test\/wp-json\/wp\/v2\/posts\/23384\/revisions\/23386"}],"wp:featuredmedia":[{"embeddable":true,"href":"https:\/\/elconquistadorredloslagos.cl\/test\/wp-json\/wp\/v2\/media\/23385"}],"wp:attachment":[{"href":"https:\/\/elconquistadorredloslagos.cl\/test\/wp-json\/wp\/v2\/media?parent=23384"}],"wp:term":[{"taxonomy":"category","embeddable":true,"href":"https:\/\/elconquistadorredloslagos.cl\/test\/wp-json\/wp\/v2\/categories?post=23384"},{"taxonomy":"post_tag","embeddable":true,"href":"https:\/\/elconquistadorredloslagos.cl\/test\/wp-json\/wp\/v2\/tags?post=23384"}],"curies":[{"name":"wp","href":"https:\/\/api.w.org\/{rel}","templated":true}]}}