{"id":2331,"date":"2024-08-23T10:50:59","date_gmt":"2024-08-23T14:50:59","guid":{"rendered":"https:\/\/elconquistadorredloslagos.cl\/test\/?p=2331"},"modified":"2024-08-23T10:54:00","modified_gmt":"2024-08-23T14:54:00","slug":"154-familias-cumplen-el-sueno-de-la-casa-propia-en-queilen","status":"publish","type":"post","link":"https:\/\/elconquistadorredloslagos.cl\/test\/blog\/2024\/08\/23\/154-familias-cumplen-el-sueno-de-la-casa-propia-en-queilen\/","title":{"rendered":"154 familias cumplen el sue\u00f1o de la casa propia en Queilen"},"content":{"rendered":"\n<p>Como un hito hist\u00f3rico para la comuna fue calificada la inauguraci\u00f3n del conjunto habitacional Altos de \u00d1ida en Queilen, el cual se concreta tras 5 a\u00f1os mediante una inversi\u00f3n superior a los 6 mil millones por parte del Ministerio de Vivienda y Urbanismo.<\/p>\n\n\n\n<p>La iniciativa fue ejecutado por SERVIU Los Lagos mediante subsidios del Minvu, lo que permiti\u00f3 levantar 154 soluciones habitacionales para estas familias queilinas.<\/p>\n\n\n\n<p>Una realidad que no se ve\u00eda desde 2019, cuando fue entregado el conjunto Forjadores de Queilen, de 103 viviendas sociales. Algo que fue relevado por el alcalde de la comuna, Marcos Vargas, quien expres\u00f3 su satisfacci\u00f3n por lo conseguido.<\/p>\n\n\n\n<figure class=\"wp-block-audio\"><audio controls src=\"https:\/\/elconquistadorredloslagos.cl\/test\/wp-content\/uploads\/2024\/08\/MV1.mp3\"><\/audio><\/figure>\n\n\n\n<p>Asimismo, el edil resalt\u00f3 lo expedito del trabajo desarrollado para el beneficio de los vecinos.<\/p>\n\n\n\n<figure class=\"wp-block-audio\"><audio controls src=\"https:\/\/elconquistadorredloslagos.cl\/test\/wp-content\/uploads\/2024\/08\/MV2.mp3\"><\/audio><\/figure>\n\n\n\n<p>El conjunto Altos de \u00d1ida implic\u00f3 una inversi\u00f3n del Ministerio de Vivienda y Urbanismo de 6.700 millones de pesos, aportados desde el Fondo Solidario de Elecci\u00f3n de Vivienda. El proyecto contempl\u00f3 154 viviendas de al menos 46 metros cuadrados, incorporando viviendas para adultos mayores, para familias numerosas, personas con discapacidad y con movilidad reducida, adem\u00e1s de una sede comunitaria de 90 m2, \u00e1reas verdes y juegos infantiles en un terreno de 4 hect\u00e1reas donado por la Municipalidad de Queilen en 2020.<\/p>\n","protected":false},"excerpt":{"rendered":"<p>Como un hito hist\u00f3rico para la comuna fue calificada la inauguraci\u00f3n del conjunto habitacional Altos de \u00d1ida en Queilen, el cual se concreta tras 5 a\u00f1os mediante una inversi\u00f3n superior..<\/p>\n","protected":false},"author":2,"featured_media":2337,"comment_status":"open","ping_status":"open","sticky":false,"template":"","format":"standard","meta":{"footnotes":""},"categories":[28],"tags":[],"class_list":["post-2331","post","type-post","status-publish","format-standard","has-post-thumbnail","hentry","category-actual"],"rttpg_featured_image_url":{"full":["https:\/\/elconquistadorredloslagos.cl\/test\/wp-content\/uploads\/2024\/08\/queilen2.jpg",1600,1067,false],"landscape":["https:\/\/elconquistadorredloslagos.cl\/test\/wp-content\/uploads\/2024\/08\/queilen2.jpg",1600,1067,false],"portraits":["https:\/\/elconquistadorredloslagos.cl\/test\/wp-content\/uploads\/2024\/08\/queilen2.jpg",1600,1067,false],"thumbnail":["https:\/\/elconquistadorredloslagos.cl\/test\/wp-content\/uploads\/2024\/08\/queilen2-150x150.jpg",150,150,true],"medium":["https:\/\/elconquistadorredloslagos.cl\/test\/wp-content\/uploads\/2024\/08\/queilen2-300x200.jpg",300,200,true],"large":["https:\/\/elconquistadorredloslagos.cl\/test\/wp-content\/uploads\/2024\/08\/queilen2-1024x683.jpg",1024,683,true],"1536x1536":["https:\/\/elconquistadorredloslagos.cl\/test\/wp-content\/uploads\/2024\/08\/queilen2-1536x1024.jpg",1536,1024,true],"2048x2048":["https:\/\/elconquistadorredloslagos.cl\/test\/wp-content\/uploads\/2024\/08\/queilen2.jpg",1600,1067,false]},"rttpg_author":{"display_name":"ccardenas","author_link":"https:\/\/elconquistadorredloslagos.cl\/test\/blog\/author\/ccardenas\/"},"rttpg_comment":0,"rttpg_category":"<a href=\"https:\/\/elconquistadorredloslagos.cl\/test\/blog\/category\/actual\/\" rel=\"category tag\">Actualidad<\/a>","rttpg_excerpt":"Como un hito hist\u00f3rico para la comuna fue calificada la inauguraci\u00f3n del conjunto habitacional Altos de \u00d1ida en Queilen, el cual se concreta tras 5 a\u00f1os mediante una inversi\u00f3n superior..","_links":{"self":[{"href":"https:\/\/elconquistadorredloslagos.cl\/test\/wp-json\/wp\/v2\/posts\/2331","targetHints":{"allow":["GET"]}}],"collection":[{"href":"https:\/\/elconquistadorredloslagos.cl\/test\/wp-json\/wp\/v2\/posts"}],"about":[{"href":"https:\/\/elconquistadorredloslagos.cl\/test\/wp-json\/wp\/v2\/types\/post"}],"author":[{"embeddable":true,"href":"https:\/\/elconquistadorredloslagos.cl\/test\/wp-json\/wp\/v2\/users\/2"}],"replies":[{"embeddable":true,"href":"https:\/\/elconquistadorredloslagos.cl\/test\/wp-json\/wp\/v2\/comments?post=2331"}],"version-history":[{"count":1,"href":"https:\/\/elconquistadorredloslagos.cl\/test\/wp-json\/wp\/v2\/posts\/2331\/revisions"}],"predecessor-version":[{"id":2335,"href":"https:\/\/elconquistadorredloslagos.cl\/test\/wp-json\/wp\/v2\/posts\/2331\/revisions\/2335"}],"wp:featuredmedia":[{"embeddable":true,"href":"https:\/\/elconquistadorredloslagos.cl\/test\/wp-json\/wp\/v2\/media\/2337"}],"wp:attachment":[{"href":"https:\/\/elconquistadorredloslagos.cl\/test\/wp-json\/wp\/v2\/media?parent=2331"}],"wp:term":[{"taxonomy":"category","embeddable":true,"href":"https:\/\/elconquistadorredloslagos.cl\/test\/wp-json\/wp\/v2\/categories?post=2331"},{"taxonomy":"post_tag","embeddable":true,"href":"https:\/\/elconquistadorredloslagos.cl\/test\/wp-json\/wp\/v2\/tags?post=2331"}],"curies":[{"name":"wp","href":"https:\/\/api.w.org\/{rel}","templated":true}]}}