{"id":2328,"date":"2024-08-22T19:36:47","date_gmt":"2024-08-22T23:36:47","guid":{"rendered":"https:\/\/elconquistadorredloslagos.cl\/test\/?p=2328"},"modified":"2024-08-22T19:36:47","modified_gmt":"2024-08-22T23:36:47","slug":"desalojan-inmuebles-ocupados-ilegalmente","status":"publish","type":"post","link":"https:\/\/elconquistadorredloslagos.cl\/test\/blog\/2024\/08\/22\/desalojan-inmuebles-ocupados-ilegalmente\/","title":{"rendered":"Desalojan inmuebles ocupados ilegalmente"},"content":{"rendered":"\n<p>En Puerto Varas, en una operaci\u00f3n conjunta entre Carabineros y seguridad municipal, se llev\u00f3 a cabo el o con peligro de remoci\u00f3n en masa.<\/p>\n\n\n\n<p>Fue as\u00ed que Carabineros detuvo a tres personas adultas, dos hombres y una mujer, todos de nacionalidad chilena, ya que en su poder se encontraron drogas y dinero en efectivo. Adem\u00e1s, en otros dos domicilios sin moradores se hallaron diversas cantidades de droga, elementos cortopunzantes tipo estoques y una escopeta de fabricaci\u00f3n artesanal.<\/p>\n\n\n\n<p>La acci\u00f3n fue realizada tras la planificaci\u00f3n y coordinaci\u00f3n entre las autoridades, y cont\u00f3 con la autorizaci\u00f3n del juez de polic\u00eda local, de acuerdo a lo se\u00f1alado por el General H\u00e9ctor Vald\u00e9s, jefe de zona de Carabineros. La fiscal\u00eda dispuso que los imputados pasaran a control de detenci\u00f3n en la jornada del d\u00eda mi\u00e9rcoles 21 de agosto.<\/p>\n","protected":false},"excerpt":{"rendered":"<p>En Puerto Varas, en una operaci\u00f3n conjunta entre Carabineros y seguridad municipal, se llev\u00f3 a cabo el o con peligro de remoci\u00f3n en masa. Fue as\u00ed que Carabineros detuvo a..<\/p>\n","protected":false},"author":2,"featured_media":2329,"comment_status":"open","ping_status":"open","sticky":false,"template":"","format":"standard","meta":{"footnotes":""},"categories":[28],"tags":[],"class_list":["post-2328","post","type-post","status-publish","format-standard","has-post-thumbnail","hentry","category-actual"],"rttpg_featured_image_url":{"full":["https:\/\/elconquistadorredloslagos.cl\/test\/wp-content\/uploads\/2024\/08\/CARAB-1.jpg",1280,720,false],"landscape":["https:\/\/elconquistadorredloslagos.cl\/test\/wp-content\/uploads\/2024\/08\/CARAB-1.jpg",1280,720,false],"portraits":["https:\/\/elconquistadorredloslagos.cl\/test\/wp-content\/uploads\/2024\/08\/CARAB-1.jpg",1280,720,false],"thumbnail":["https:\/\/elconquistadorredloslagos.cl\/test\/wp-content\/uploads\/2024\/08\/CARAB-1-150x150.jpg",150,150,true],"medium":["https:\/\/elconquistadorredloslagos.cl\/test\/wp-content\/uploads\/2024\/08\/CARAB-1-300x169.jpg",300,169,true],"large":["https:\/\/elconquistadorredloslagos.cl\/test\/wp-content\/uploads\/2024\/08\/CARAB-1-1024x576.jpg",1024,576,true],"1536x1536":["https:\/\/elconquistadorredloslagos.cl\/test\/wp-content\/uploads\/2024\/08\/CARAB-1.jpg",1280,720,false],"2048x2048":["https:\/\/elconquistadorredloslagos.cl\/test\/wp-content\/uploads\/2024\/08\/CARAB-1.jpg",1280,720,false]},"rttpg_author":{"display_name":"ccardenas","author_link":"https:\/\/elconquistadorredloslagos.cl\/test\/blog\/author\/ccardenas\/"},"rttpg_comment":1,"rttpg_category":"<a href=\"https:\/\/elconquistadorredloslagos.cl\/test\/blog\/category\/actual\/\" rel=\"category tag\">Actualidad<\/a>","rttpg_excerpt":"En Puerto Varas, en una operaci\u00f3n conjunta entre Carabineros y seguridad municipal, se llev\u00f3 a cabo el o con peligro de remoci\u00f3n en masa. Fue as\u00ed que Carabineros detuvo a..","_links":{"self":[{"href":"https:\/\/elconquistadorredloslagos.cl\/test\/wp-json\/wp\/v2\/posts\/2328","targetHints":{"allow":["GET"]}}],"collection":[{"href":"https:\/\/elconquistadorredloslagos.cl\/test\/wp-json\/wp\/v2\/posts"}],"about":[{"href":"https:\/\/elconquistadorredloslagos.cl\/test\/wp-json\/wp\/v2\/types\/post"}],"author":[{"embeddable":true,"href":"https:\/\/elconquistadorredloslagos.cl\/test\/wp-json\/wp\/v2\/users\/2"}],"replies":[{"embeddable":true,"href":"https:\/\/elconquistadorredloslagos.cl\/test\/wp-json\/wp\/v2\/comments?post=2328"}],"version-history":[{"count":1,"href":"https:\/\/elconquistadorredloslagos.cl\/test\/wp-json\/wp\/v2\/posts\/2328\/revisions"}],"predecessor-version":[{"id":2330,"href":"https:\/\/elconquistadorredloslagos.cl\/test\/wp-json\/wp\/v2\/posts\/2328\/revisions\/2330"}],"wp:featuredmedia":[{"embeddable":true,"href":"https:\/\/elconquistadorredloslagos.cl\/test\/wp-json\/wp\/v2\/media\/2329"}],"wp:attachment":[{"href":"https:\/\/elconquistadorredloslagos.cl\/test\/wp-json\/wp\/v2\/media?parent=2328"}],"wp:term":[{"taxonomy":"category","embeddable":true,"href":"https:\/\/elconquistadorredloslagos.cl\/test\/wp-json\/wp\/v2\/categories?post=2328"},{"taxonomy":"post_tag","embeddable":true,"href":"https:\/\/elconquistadorredloslagos.cl\/test\/wp-json\/wp\/v2\/tags?post=2328"}],"curies":[{"name":"wp","href":"https:\/\/api.w.org\/{rel}","templated":true}]}}