{"id":2317,"date":"2024-08-22T19:25:18","date_gmt":"2024-08-22T23:25:18","guid":{"rendered":"https:\/\/elconquistadorredloslagos.cl\/test\/?p=2317"},"modified":"2024-08-22T19:25:19","modified_gmt":"2024-08-22T23:25:19","slug":"ministerio-de-economia-presenta-oportunidades-de-transformacion-productiva-sostenible-en-los-lagos","status":"publish","type":"post","link":"https:\/\/elconquistadorredloslagos.cl\/test\/blog\/2024\/08\/22\/ministerio-de-economia-presenta-oportunidades-de-transformacion-productiva-sostenible-en-los-lagos\/","title":{"rendered":"Ministerio de Econom\u00eda presenta oportunidades de transformaci\u00f3n productiva sostenible en Los Lagos"},"content":{"rendered":"\n<p>Con el objetivo de visibilizar la importancia de vincular m\u00e1s estrechamente el desarrollo de conocimiento, tecnolog\u00eda e innovaci\u00f3n con el sector productivo regional para una econom\u00eda m\u00e1s verde, la Jefa de la Divisi\u00f3n de Desarrollo Productivo Sostenible (DPS) del Ministerio de Econom\u00eda, Aintzane Lorca; el Seremi de Econom\u00eda, Luis C\u00e1rdenas y el director regional de Corfo Los Lagos (s) Claudio Valenzuela; encabezaron esta semana una agenda de socializaci\u00f3n del Programa DPS con autoridades locales.<\/p>\n\n\n\n<p>En una serie de encuentros, el equipo econ\u00f3mico de gobierno present\u00f3 en la Gobernaci\u00f3n, ante el Consejo de Desarrollo Productivo Regional e integrantes del Pacto por una Regi\u00f3n Sustentable e Inclusiva, las oportunidades del programa interministerial creado por el gobierno que en su primer a\u00f1o de ejecuci\u00f3n ha permitido a la fecha orientar m\u00e1s de USD$120 millones de gasto p\u00fablico con mirada estrat\u00e9gica para enfrentar los desaf\u00edos de descarbonizaci\u00f3n justa, resiliencia frente a la crisis clim\u00e1tica y la necesaria sofisticaci\u00f3n y diversificaci\u00f3n de nuestra econom\u00eda.<\/p>\n\n\n\n<p>En el caso de la regi\u00f3n de Los Lagos en 2023 el Programa DPS destin\u00f3 m\u00e1s de $3.480 millones en proyectos de transformaci\u00f3n productiva que suman m\u00e1s de $4.820 millones de inversi\u00f3n si se considera adem\u00e1s lo apalancado desde el sector privado.<\/p>\n","protected":false},"excerpt":{"rendered":"<p>Con el objetivo de visibilizar la importancia de vincular m\u00e1s estrechamente el desarrollo de conocimiento, tecnolog\u00eda e innovaci\u00f3n con el sector productivo regional para una econom\u00eda m\u00e1s verde, la Jefa..<\/p>\n","protected":false},"author":2,"featured_media":2318,"comment_status":"open","ping_status":"open","sticky":false,"template":"","format":"standard","meta":{"footnotes":""},"categories":[28],"tags":[],"class_list":["post-2317","post","type-post","status-publish","format-standard","has-post-thumbnail","hentry","category-actual"],"rttpg_featured_image_url":{"full":["https:\/\/elconquistadorredloslagos.cl\/test\/wp-content\/uploads\/2024\/08\/CAPTURA.jpg",711,533,false],"landscape":["https:\/\/elconquistadorredloslagos.cl\/test\/wp-content\/uploads\/2024\/08\/CAPTURA.jpg",711,533,false],"portraits":["https:\/\/elconquistadorredloslagos.cl\/test\/wp-content\/uploads\/2024\/08\/CAPTURA.jpg",711,533,false],"thumbnail":["https:\/\/elconquistadorredloslagos.cl\/test\/wp-content\/uploads\/2024\/08\/CAPTURA-150x150.jpg",150,150,true],"medium":["https:\/\/elconquistadorredloslagos.cl\/test\/wp-content\/uploads\/2024\/08\/CAPTURA-300x225.jpg",300,225,true],"large":["https:\/\/elconquistadorredloslagos.cl\/test\/wp-content\/uploads\/2024\/08\/CAPTURA.jpg",711,533,false],"1536x1536":["https:\/\/elconquistadorredloslagos.cl\/test\/wp-content\/uploads\/2024\/08\/CAPTURA.jpg",711,533,false],"2048x2048":["https:\/\/elconquistadorredloslagos.cl\/test\/wp-content\/uploads\/2024\/08\/CAPTURA.jpg",711,533,false]},"rttpg_author":{"display_name":"ccardenas","author_link":"https:\/\/elconquistadorredloslagos.cl\/test\/blog\/author\/ccardenas\/"},"rttpg_comment":2,"rttpg_category":"<a href=\"https:\/\/elconquistadorredloslagos.cl\/test\/blog\/category\/actual\/\" rel=\"category tag\">Actualidad<\/a>","rttpg_excerpt":"Con el objetivo de visibilizar la importancia de vincular m\u00e1s estrechamente el desarrollo de conocimiento, tecnolog\u00eda e innovaci\u00f3n con el sector productivo regional para una econom\u00eda m\u00e1s verde, la Jefa..","_links":{"self":[{"href":"https:\/\/elconquistadorredloslagos.cl\/test\/wp-json\/wp\/v2\/posts\/2317","targetHints":{"allow":["GET"]}}],"collection":[{"href":"https:\/\/elconquistadorredloslagos.cl\/test\/wp-json\/wp\/v2\/posts"}],"about":[{"href":"https:\/\/elconquistadorredloslagos.cl\/test\/wp-json\/wp\/v2\/types\/post"}],"author":[{"embeddable":true,"href":"https:\/\/elconquistadorredloslagos.cl\/test\/wp-json\/wp\/v2\/users\/2"}],"replies":[{"embeddable":true,"href":"https:\/\/elconquistadorredloslagos.cl\/test\/wp-json\/wp\/v2\/comments?post=2317"}],"version-history":[{"count":1,"href":"https:\/\/elconquistadorredloslagos.cl\/test\/wp-json\/wp\/v2\/posts\/2317\/revisions"}],"predecessor-version":[{"id":2319,"href":"https:\/\/elconquistadorredloslagos.cl\/test\/wp-json\/wp\/v2\/posts\/2317\/revisions\/2319"}],"wp:featuredmedia":[{"embeddable":true,"href":"https:\/\/elconquistadorredloslagos.cl\/test\/wp-json\/wp\/v2\/media\/2318"}],"wp:attachment":[{"href":"https:\/\/elconquistadorredloslagos.cl\/test\/wp-json\/wp\/v2\/media?parent=2317"}],"wp:term":[{"taxonomy":"category","embeddable":true,"href":"https:\/\/elconquistadorredloslagos.cl\/test\/wp-json\/wp\/v2\/categories?post=2317"},{"taxonomy":"post_tag","embeddable":true,"href":"https:\/\/elconquistadorredloslagos.cl\/test\/wp-json\/wp\/v2\/tags?post=2317"}],"curies":[{"name":"wp","href":"https:\/\/api.w.org\/{rel}","templated":true}]}}