{"id":2311,"date":"2024-08-22T19:17:05","date_gmt":"2024-08-22T23:17:05","guid":{"rendered":"https:\/\/elconquistadorredloslagos.cl\/test\/?p=2311"},"modified":"2024-08-22T19:17:05","modified_gmt":"2024-08-22T23:17:05","slug":"programa-conecta-tu-sede-de-saesa-inaugura-iluminacion-de-recinto-en-pid-pid","status":"publish","type":"post","link":"https:\/\/elconquistadorredloslagos.cl\/test\/blog\/2024\/08\/22\/programa-conecta-tu-sede-de-saesa-inaugura-iluminacion-de-recinto-en-pid-pid\/","title":{"rendered":"Programa \u201cConecta tu Sede\u201d de Saesa inaugura iluminaci\u00f3n de recinto en Pid Pid"},"content":{"rendered":"\n<p>Con un gran recibimiento se realiz\u00f3 la inauguraci\u00f3n del mejoramiento y conexi\u00f3n de la instalaci\u00f3n interior de la sede de la junta de vecinos del sector Pid Pid en la comuna de Castro. La actividad se enmarca en el programa de vinculaci\u00f3n \u201cConecta tu Sede\u201d de Saesa, el cual busca energizar cualquier espacio en el que los vecinos se re\u00fanan y que no cuente con energ\u00eda el\u00e9ctrica para apoyar la realizaci\u00f3n de sus actividades.<\/p>\n\n\n\n<p>\u201cConecta tu Sede\u201d, considera el empalme del inmueble a la red el\u00e9ctrica incluyendo equipo de protecci\u00f3n y medida, as\u00ed como toda la instalaci\u00f3n el\u00e9ctrica interior y la tramitaci\u00f3n del certificado TE1 que exige la SEC. En ese sentido, el programa no solo contempla sedes vecinales, ya que tambi\u00e9n pueden ser beneficiados clubes deportivos, parroquias, incluso cuarteles de Bomberos.<\/p>\n\n\n\n<p>En el evento se reunieron representantes vecinales, autoridades municipales y un equipo en representaci\u00f3n de Saesa, el cual estuvo encabezado por Pablo Padilla, jefe de Distribuci\u00f3n en Chilo\u00e9.<\/p>\n\n\n\n<figure class=\"wp-block-audio\"><audio controls src=\"https:\/\/elconquistadorredloslagos.cl\/test\/wp-content\/uploads\/2024\/08\/PADILLA1.mp3\"><\/audio><\/figure>\n\n\n\n<p>Por otro lado, la presidenta de la junta de vecinos de Pid-Pid, Isamar Wegner, manifest\u00f3 en su enorme alegr\u00eda y gratitud.<\/p>\n\n\n\n<figure class=\"wp-block-audio\"><audio controls src=\"https:\/\/elconquistadorredloslagos.cl\/test\/wp-content\/uploads\/2024\/08\/ISAMAR1.mp3\"><\/audio><\/figure>\n","protected":false},"excerpt":{"rendered":"<p>Con un gran recibimiento se realiz\u00f3 la inauguraci\u00f3n del mejoramiento y conexi\u00f3n de la instalaci\u00f3n interior de la sede de la junta de vecinos del sector Pid Pid en la..<\/p>\n","protected":false},"author":2,"featured_media":2315,"comment_status":"open","ping_status":"open","sticky":false,"template":"","format":"standard","meta":{"footnotes":""},"categories":[28],"tags":[],"class_list":["post-2311","post","type-post","status-publish","format-standard","has-post-thumbnail","hentry","category-actual"],"rttpg_featured_image_url":{"full":["https:\/\/elconquistadorredloslagos.cl\/test\/wp-content\/uploads\/2024\/08\/FotoPIDPID2.jpg",1600,719,false],"landscape":["https:\/\/elconquistadorredloslagos.cl\/test\/wp-content\/uploads\/2024\/08\/FotoPIDPID2.jpg",1600,719,false],"portraits":["https:\/\/elconquistadorredloslagos.cl\/test\/wp-content\/uploads\/2024\/08\/FotoPIDPID2.jpg",1600,719,false],"thumbnail":["https:\/\/elconquistadorredloslagos.cl\/test\/wp-content\/uploads\/2024\/08\/FotoPIDPID2-150x150.jpg",150,150,true],"medium":["https:\/\/elconquistadorredloslagos.cl\/test\/wp-content\/uploads\/2024\/08\/FotoPIDPID2-300x135.jpg",300,135,true],"large":["https:\/\/elconquistadorredloslagos.cl\/test\/wp-content\/uploads\/2024\/08\/FotoPIDPID2-1024x460.jpg",1024,460,true],"1536x1536":["https:\/\/elconquistadorredloslagos.cl\/test\/wp-content\/uploads\/2024\/08\/FotoPIDPID2-1536x690.jpg",1536,690,true],"2048x2048":["https:\/\/elconquistadorredloslagos.cl\/test\/wp-content\/uploads\/2024\/08\/FotoPIDPID2.jpg",1600,719,false]},"rttpg_author":{"display_name":"ccardenas","author_link":"https:\/\/elconquistadorredloslagos.cl\/test\/blog\/author\/ccardenas\/"},"rttpg_comment":0,"rttpg_category":"<a href=\"https:\/\/elconquistadorredloslagos.cl\/test\/blog\/category\/actual\/\" rel=\"category tag\">Actualidad<\/a>","rttpg_excerpt":"Con un gran recibimiento se realiz\u00f3 la inauguraci\u00f3n del mejoramiento y conexi\u00f3n de la instalaci\u00f3n interior de la sede de la junta de vecinos del sector Pid Pid en la..","_links":{"self":[{"href":"https:\/\/elconquistadorredloslagos.cl\/test\/wp-json\/wp\/v2\/posts\/2311","targetHints":{"allow":["GET"]}}],"collection":[{"href":"https:\/\/elconquistadorredloslagos.cl\/test\/wp-json\/wp\/v2\/posts"}],"about":[{"href":"https:\/\/elconquistadorredloslagos.cl\/test\/wp-json\/wp\/v2\/types\/post"}],"author":[{"embeddable":true,"href":"https:\/\/elconquistadorredloslagos.cl\/test\/wp-json\/wp\/v2\/users\/2"}],"replies":[{"embeddable":true,"href":"https:\/\/elconquistadorredloslagos.cl\/test\/wp-json\/wp\/v2\/comments?post=2311"}],"version-history":[{"count":1,"href":"https:\/\/elconquistadorredloslagos.cl\/test\/wp-json\/wp\/v2\/posts\/2311\/revisions"}],"predecessor-version":[{"id":2316,"href":"https:\/\/elconquistadorredloslagos.cl\/test\/wp-json\/wp\/v2\/posts\/2311\/revisions\/2316"}],"wp:featuredmedia":[{"embeddable":true,"href":"https:\/\/elconquistadorredloslagos.cl\/test\/wp-json\/wp\/v2\/media\/2315"}],"wp:attachment":[{"href":"https:\/\/elconquistadorredloslagos.cl\/test\/wp-json\/wp\/v2\/media?parent=2311"}],"wp:term":[{"taxonomy":"category","embeddable":true,"href":"https:\/\/elconquistadorredloslagos.cl\/test\/wp-json\/wp\/v2\/categories?post=2311"},{"taxonomy":"post_tag","embeddable":true,"href":"https:\/\/elconquistadorredloslagos.cl\/test\/wp-json\/wp\/v2\/tags?post=2311"}],"curies":[{"name":"wp","href":"https:\/\/api.w.org\/{rel}","templated":true}]}}