{"id":2306,"date":"2024-08-22T11:18:01","date_gmt":"2024-08-22T15:18:01","guid":{"rendered":"https:\/\/elconquistadorredloslagos.cl\/test\/?p=2306"},"modified":"2024-08-22T11:52:22","modified_gmt":"2024-08-22T15:52:22","slug":"puerto-varas-mtt-firma-primer-convenio-con-gore-para-avanzar-en-proyecto-de-buses-electricos-para-el-transporte-publico","status":"publish","type":"post","link":"https:\/\/elconquistadorredloslagos.cl\/test\/blog\/2024\/08\/22\/puerto-varas-mtt-firma-primer-convenio-con-gore-para-avanzar-en-proyecto-de-buses-electricos-para-el-transporte-publico\/","title":{"rendered":"Puerto Varas: MTT firma primer convenio con GORE para avanzar en proyecto de buses el\u00e9ctricos para el transporte p\u00fablico"},"content":{"rendered":"\n<p>Considerando las necesidades de una mejor conectividad de los habitantes de esta regi\u00f3n y en particular en Puerto Varas, el Ministerio de Transporte y Telecomunicaciones (MTT) trabaj\u00f3 un proyecto el\u00e9ctrico que permitir\u00e1 mejorar el servicio de transporte p\u00fablico en la comuna, incorporando buses a una ciudad que actualmente solo cuenta con Taxis Colectivos para su operaci\u00f3n. Este proyecto, que fue impulsado en conjunto con la Municipalidad de Puerto Varas, ya cuenta con la aprobaci\u00f3n del pleno del Consejo Regional para mejorar el servicio de transporte p\u00fablico en la zona.<\/p>\n\n\n\n<p>De esta forma, el ministro de Transportes y Telecomunicaciones, Juan Carlo Mu\u00f1oz, lleg\u00f3 hasta Puerto Varas donde junto al gobernador Patricio Vallesp\u00edn, firmaron el primer convenio de un proyecto cofinanciado de buses el\u00e9ctricos de transporte p\u00fablico a nivel nacional. &nbsp;&nbsp;&nbsp;&nbsp;&nbsp;&nbsp;&nbsp;&nbsp;&nbsp;&nbsp;&nbsp;&nbsp;&nbsp;<\/p>\n\n\n\n<p>\u201cEstamos avanzando, no con palabras, sino con acciones concretas para entregar un transporte de calidad en aquellas zonas que por a\u00f1os han sido postergadas. En los \u00faltimos dos a\u00f1os se puede ver c\u00f3mo la electromovilidad dej\u00f3 de ser s\u00f3lo para la Regi\u00f3n Metropolitana y hoy se pueden ver circulando buses el\u00e9ctricos en las calles de Antofagasta, Rancagua y muy pronto en Valpara\u00edso. Por lo mismo la relevancia de esta iniciativa que, adem\u00e1s, va aparejada con esta nueva ley de subsidio, que fue aprobada por el Senado la semana pasada y que permitir\u00e1, que cada gobierno regional decida -sobre la base de las necesidades propias de su transporte p\u00fablico- en qu\u00e9 proyectos usar los fondos bajo nuestra la asesor\u00eda\u201d, dijo el jefe de la cartera de Transportes y Telecomunicaciones, Juan Carlos Mu\u00f1oz.<\/p>\n","protected":false},"excerpt":{"rendered":"<p>Considerando las necesidades de una mejor conectividad de los habitantes de esta regi\u00f3n y en particular en Puerto Varas, el Ministerio de Transporte y Telecomunicaciones (MTT) trabaj\u00f3 un proyecto el\u00e9ctrico..<\/p>\n","protected":false},"author":2,"featured_media":2307,"comment_status":"open","ping_status":"open","sticky":false,"template":"","format":"standard","meta":{"footnotes":""},"categories":[28],"tags":[],"class_list":["post-2306","post","type-post","status-publish","format-standard","has-post-thumbnail","hentry","category-actual"],"rttpg_featured_image_url":{"full":["https:\/\/elconquistadorredloslagos.cl\/test\/wp-content\/uploads\/2024\/08\/PTO-VARAS-scaled.jpeg",2560,1440,false],"landscape":["https:\/\/elconquistadorredloslagos.cl\/test\/wp-content\/uploads\/2024\/08\/PTO-VARAS-scaled.jpeg",2560,1440,false],"portraits":["https:\/\/elconquistadorredloslagos.cl\/test\/wp-content\/uploads\/2024\/08\/PTO-VARAS-scaled.jpeg",2560,1440,false],"thumbnail":["https:\/\/elconquistadorredloslagos.cl\/test\/wp-content\/uploads\/2024\/08\/PTO-VARAS-150x150.jpeg",150,150,true],"medium":["https:\/\/elconquistadorredloslagos.cl\/test\/wp-content\/uploads\/2024\/08\/PTO-VARAS-300x169.jpeg",300,169,true],"large":["https:\/\/elconquistadorredloslagos.cl\/test\/wp-content\/uploads\/2024\/08\/PTO-VARAS-1024x576.jpeg",1024,576,true],"1536x1536":["https:\/\/elconquistadorredloslagos.cl\/test\/wp-content\/uploads\/2024\/08\/PTO-VARAS-1536x864.jpeg",1536,864,true],"2048x2048":["https:\/\/elconquistadorredloslagos.cl\/test\/wp-content\/uploads\/2024\/08\/PTO-VARAS-2048x1152.jpeg",2048,1152,true]},"rttpg_author":{"display_name":"ccardenas","author_link":"https:\/\/elconquistadorredloslagos.cl\/test\/blog\/author\/ccardenas\/"},"rttpg_comment":2,"rttpg_category":"<a href=\"https:\/\/elconquistadorredloslagos.cl\/test\/blog\/category\/actual\/\" rel=\"category tag\">Actualidad<\/a>","rttpg_excerpt":"Considerando las necesidades de una mejor conectividad de los habitantes de esta regi\u00f3n y en particular en Puerto Varas, el Ministerio de Transporte y Telecomunicaciones (MTT) trabaj\u00f3 un proyecto el\u00e9ctrico..","_links":{"self":[{"href":"https:\/\/elconquistadorredloslagos.cl\/test\/wp-json\/wp\/v2\/posts\/2306","targetHints":{"allow":["GET"]}}],"collection":[{"href":"https:\/\/elconquistadorredloslagos.cl\/test\/wp-json\/wp\/v2\/posts"}],"about":[{"href":"https:\/\/elconquistadorredloslagos.cl\/test\/wp-json\/wp\/v2\/types\/post"}],"author":[{"embeddable":true,"href":"https:\/\/elconquistadorredloslagos.cl\/test\/wp-json\/wp\/v2\/users\/2"}],"replies":[{"embeddable":true,"href":"https:\/\/elconquistadorredloslagos.cl\/test\/wp-json\/wp\/v2\/comments?post=2306"}],"version-history":[{"count":2,"href":"https:\/\/elconquistadorredloslagos.cl\/test\/wp-json\/wp\/v2\/posts\/2306\/revisions"}],"predecessor-version":[{"id":2309,"href":"https:\/\/elconquistadorredloslagos.cl\/test\/wp-json\/wp\/v2\/posts\/2306\/revisions\/2309"}],"wp:featuredmedia":[{"embeddable":true,"href":"https:\/\/elconquistadorredloslagos.cl\/test\/wp-json\/wp\/v2\/media\/2307"}],"wp:attachment":[{"href":"https:\/\/elconquistadorredloslagos.cl\/test\/wp-json\/wp\/v2\/media?parent=2306"}],"wp:term":[{"taxonomy":"category","embeddable":true,"href":"https:\/\/elconquistadorredloslagos.cl\/test\/wp-json\/wp\/v2\/categories?post=2306"},{"taxonomy":"post_tag","embeddable":true,"href":"https:\/\/elconquistadorredloslagos.cl\/test\/wp-json\/wp\/v2\/tags?post=2306"}],"curies":[{"name":"wp","href":"https:\/\/api.w.org\/{rel}","templated":true}]}}