{"id":2303,"date":"2024-08-22T11:07:30","date_gmt":"2024-08-22T15:07:30","guid":{"rendered":"https:\/\/elconquistadorredloslagos.cl\/test\/?p=2303"},"modified":"2024-08-22T11:07:30","modified_gmt":"2024-08-22T15:07:30","slug":"ruta-lagos-y-volcanes-integra-a-osorno-en-la-gobernanza-para-fortalecer-su-posicionamiento-como-destino-turistico-clave","status":"publish","type":"post","link":"https:\/\/elconquistadorredloslagos.cl\/test\/blog\/2024\/08\/22\/ruta-lagos-y-volcanes-integra-a-osorno-en-la-gobernanza-para-fortalecer-su-posicionamiento-como-destino-turistico-clave\/","title":{"rendered":"Ruta Lagos y Volcanes integra a Osorno en la gobernanza para fortalecer su posicionamiento como destino tur\u00edstico clave"},"content":{"rendered":"\n<p>En una decisi\u00f3n un\u00e1nime, el Consejo Directivo del Programa Estrat\u00e9gico Mesoregional Ruta Esc\u00e9nica Lagos y Volcanes, iniciativa articulada por Corfo, se concret\u00f3 la incorporaci\u00f3n de la comuna de Osorno en su gobernanza para el a\u00f1o 2024 en adelante. Con esta incorporaci\u00f3n, Osorno se une a Valdivia como nuevos miembros de un proyecto que busca consolidar la Ruta Lagos y Volcanes como un destino tur\u00edstico de clase mundial, una importante instancia de promoci\u00f3n tur\u00edstica, que permitir\u00e1 que la provincia pueda fortalecer su proyecci\u00f3n internacional al asegurar presencia en ferias del \u00e1rea a nivel nacional e internacional.<\/p>\n\n\n\n<p>El presidente de la Ruta Esc\u00e9nica Lagos y Volcanes, Eugenio Benavente, agradeci\u00f3 el apoyo que siempre les ha brindado Vallesp\u00edn y lo destac\u00f3 como una autoridad que piensa fuera de la caja. \u201cSin duda que ha sido una autoridad muy importante para el turismo. Se dedic\u00f3 a mejorar la planificaci\u00f3n y actualizar las pol\u00edticas regionales para poner en valor el turismo, haciendo \u00e9nfasis en resguardar los ecosistemas, pero con uso tur\u00edstico. Impuls\u00f3 un pacto por una regi\u00f3n sostenible inclusiva, donde hizo conversar a todos los sectores productivos para saber en qu\u00e9 pilares priorizar los recursos regionales\u201d.<\/p>\n","protected":false},"excerpt":{"rendered":"<p>En una decisi\u00f3n un\u00e1nime, el Consejo Directivo del Programa Estrat\u00e9gico Mesoregional Ruta Esc\u00e9nica Lagos y Volcanes, iniciativa articulada por Corfo, se concret\u00f3 la incorporaci\u00f3n de la comuna de Osorno en..<\/p>\n","protected":false},"author":2,"featured_media":2304,"comment_status":"open","ping_status":"open","sticky":false,"template":"","format":"standard","meta":{"footnotes":""},"categories":[28],"tags":[],"class_list":["post-2303","post","type-post","status-publish","format-standard","has-post-thumbnail","hentry","category-actual"],"rttpg_featured_image_url":{"full":["https:\/\/elconquistadorredloslagos.cl\/test\/wp-content\/uploads\/2024\/08\/MUNI-OSORNO.jpg",1280,853,false],"landscape":["https:\/\/elconquistadorredloslagos.cl\/test\/wp-content\/uploads\/2024\/08\/MUNI-OSORNO.jpg",1280,853,false],"portraits":["https:\/\/elconquistadorredloslagos.cl\/test\/wp-content\/uploads\/2024\/08\/MUNI-OSORNO.jpg",1280,853,false],"thumbnail":["https:\/\/elconquistadorredloslagos.cl\/test\/wp-content\/uploads\/2024\/08\/MUNI-OSORNO-150x150.jpg",150,150,true],"medium":["https:\/\/elconquistadorredloslagos.cl\/test\/wp-content\/uploads\/2024\/08\/MUNI-OSORNO-300x200.jpg",300,200,true],"large":["https:\/\/elconquistadorredloslagos.cl\/test\/wp-content\/uploads\/2024\/08\/MUNI-OSORNO-1024x682.jpg",1024,682,true],"1536x1536":["https:\/\/elconquistadorredloslagos.cl\/test\/wp-content\/uploads\/2024\/08\/MUNI-OSORNO.jpg",1280,853,false],"2048x2048":["https:\/\/elconquistadorredloslagos.cl\/test\/wp-content\/uploads\/2024\/08\/MUNI-OSORNO.jpg",1280,853,false]},"rttpg_author":{"display_name":"ccardenas","author_link":"https:\/\/elconquistadorredloslagos.cl\/test\/blog\/author\/ccardenas\/"},"rttpg_comment":0,"rttpg_category":"<a href=\"https:\/\/elconquistadorredloslagos.cl\/test\/blog\/category\/actual\/\" rel=\"category tag\">Actualidad<\/a>","rttpg_excerpt":"En una decisi\u00f3n un\u00e1nime, el Consejo Directivo del Programa Estrat\u00e9gico Mesoregional Ruta Esc\u00e9nica Lagos y Volcanes, iniciativa articulada por Corfo, se concret\u00f3 la incorporaci\u00f3n de la comuna de Osorno en..","_links":{"self":[{"href":"https:\/\/elconquistadorredloslagos.cl\/test\/wp-json\/wp\/v2\/posts\/2303","targetHints":{"allow":["GET"]}}],"collection":[{"href":"https:\/\/elconquistadorredloslagos.cl\/test\/wp-json\/wp\/v2\/posts"}],"about":[{"href":"https:\/\/elconquistadorredloslagos.cl\/test\/wp-json\/wp\/v2\/types\/post"}],"author":[{"embeddable":true,"href":"https:\/\/elconquistadorredloslagos.cl\/test\/wp-json\/wp\/v2\/users\/2"}],"replies":[{"embeddable":true,"href":"https:\/\/elconquistadorredloslagos.cl\/test\/wp-json\/wp\/v2\/comments?post=2303"}],"version-history":[{"count":1,"href":"https:\/\/elconquistadorredloslagos.cl\/test\/wp-json\/wp\/v2\/posts\/2303\/revisions"}],"predecessor-version":[{"id":2305,"href":"https:\/\/elconquistadorredloslagos.cl\/test\/wp-json\/wp\/v2\/posts\/2303\/revisions\/2305"}],"wp:featuredmedia":[{"embeddable":true,"href":"https:\/\/elconquistadorredloslagos.cl\/test\/wp-json\/wp\/v2\/media\/2304"}],"wp:attachment":[{"href":"https:\/\/elconquistadorredloslagos.cl\/test\/wp-json\/wp\/v2\/media?parent=2303"}],"wp:term":[{"taxonomy":"category","embeddable":true,"href":"https:\/\/elconquistadorredloslagos.cl\/test\/wp-json\/wp\/v2\/categories?post=2303"},{"taxonomy":"post_tag","embeddable":true,"href":"https:\/\/elconquistadorredloslagos.cl\/test\/wp-json\/wp\/v2\/tags?post=2303"}],"curies":[{"name":"wp","href":"https:\/\/api.w.org\/{rel}","templated":true}]}}