{"id":2278,"date":"2024-08-21T17:50:57","date_gmt":"2024-08-21T21:50:57","guid":{"rendered":"https:\/\/elconquistadorredloslagos.cl\/test\/?p=2278"},"modified":"2024-08-21T17:50:58","modified_gmt":"2024-08-21T21:50:58","slug":"investigan-muerte-de-hombre-atropellado-en-puerto-montt","status":"publish","type":"post","link":"https:\/\/elconquistadorredloslagos.cl\/test\/blog\/2024\/08\/21\/investigan-muerte-de-hombre-atropellado-en-puerto-montt\/","title":{"rendered":"Investigan muerte de hombre atropellado en Puerto Montt"},"content":{"rendered":"\n<p>Personal especializado de la Secci\u00f3n de Investigaci\u00f3n Policial (SIP) de Carabineros, se encuentra investigando la muerte de un hombre atropellado tras un violento impacto que tuvo lugar en la pista con direcci\u00f3n de sur a norte de la Ruta 5, en las proximidades del peaje de acceso a Puerto Montt.<\/p>\n\n\n\n<p>El accidente ocurri\u00f3 a eso de las 02.53 de la madrugada de este mi\u00e9rcoles 21 de agosto y la v\u00edctima corresponde a un hombre de 60 a\u00f1os. En lugar trabajaron adem\u00e1s unidades de Bomberos y del Servicio de Atenci\u00f3n M\u00e9dica de Urgencia (Samu), cuyo personal constat\u00f3 el deceso del peat\u00f3n.<\/p>\n\n\n\n<p>Al respecto, el teniente Felipe V\u00e1squez, se\u00f1al\u00f3 que \u201cfallece un hombre de 60 a\u00f1os de edad y es por esta raz\u00f3n que la Fiscal\u00eda determin\u00f3 que fuese nuestra unidad especializada, la encargada de determinar la din\u00e1mica y causa basal de este hecho\u201d, explic\u00f3.<\/p>\n\n\n\n<p>FOTO: (Referencial)<\/p>\n","protected":false},"excerpt":{"rendered":"<p>Personal especializado de la Secci\u00f3n de Investigaci\u00f3n Policial (SIP) de Carabineros, se encuentra investigando la muerte de un hombre atropellado tras un violento impacto que tuvo lugar en la pista..<\/p>\n","protected":false},"author":2,"featured_media":2279,"comment_status":"open","ping_status":"open","sticky":false,"template":"","format":"standard","meta":{"footnotes":""},"categories":[28],"tags":[],"class_list":["post-2278","post","type-post","status-publish","format-standard","has-post-thumbnail","hentry","category-actual"],"rttpg_featured_image_url":{"full":["https:\/\/elconquistadorredloslagos.cl\/test\/wp-content\/uploads\/2024\/08\/A_UNO_1457296.jpeg",1600,900,false],"landscape":["https:\/\/elconquistadorredloslagos.cl\/test\/wp-content\/uploads\/2024\/08\/A_UNO_1457296.jpeg",1600,900,false],"portraits":["https:\/\/elconquistadorredloslagos.cl\/test\/wp-content\/uploads\/2024\/08\/A_UNO_1457296.jpeg",1600,900,false],"thumbnail":["https:\/\/elconquistadorredloslagos.cl\/test\/wp-content\/uploads\/2024\/08\/A_UNO_1457296-150x150.jpeg",150,150,true],"medium":["https:\/\/elconquistadorredloslagos.cl\/test\/wp-content\/uploads\/2024\/08\/A_UNO_1457296-300x169.jpeg",300,169,true],"large":["https:\/\/elconquistadorredloslagos.cl\/test\/wp-content\/uploads\/2024\/08\/A_UNO_1457296-1024x576.jpeg",1024,576,true],"1536x1536":["https:\/\/elconquistadorredloslagos.cl\/test\/wp-content\/uploads\/2024\/08\/A_UNO_1457296-1536x864.jpeg",1536,864,true],"2048x2048":["https:\/\/elconquistadorredloslagos.cl\/test\/wp-content\/uploads\/2024\/08\/A_UNO_1457296.jpeg",1600,900,false]},"rttpg_author":{"display_name":"ccardenas","author_link":"https:\/\/elconquistadorredloslagos.cl\/test\/blog\/author\/ccardenas\/"},"rttpg_comment":1,"rttpg_category":"<a href=\"https:\/\/elconquistadorredloslagos.cl\/test\/blog\/category\/actual\/\" rel=\"category tag\">Actualidad<\/a>","rttpg_excerpt":"Personal especializado de la Secci\u00f3n de Investigaci\u00f3n Policial (SIP) de Carabineros, se encuentra investigando la muerte de un hombre atropellado tras un violento impacto que tuvo lugar en la pista..","_links":{"self":[{"href":"https:\/\/elconquistadorredloslagos.cl\/test\/wp-json\/wp\/v2\/posts\/2278","targetHints":{"allow":["GET"]}}],"collection":[{"href":"https:\/\/elconquistadorredloslagos.cl\/test\/wp-json\/wp\/v2\/posts"}],"about":[{"href":"https:\/\/elconquistadorredloslagos.cl\/test\/wp-json\/wp\/v2\/types\/post"}],"author":[{"embeddable":true,"href":"https:\/\/elconquistadorredloslagos.cl\/test\/wp-json\/wp\/v2\/users\/2"}],"replies":[{"embeddable":true,"href":"https:\/\/elconquistadorredloslagos.cl\/test\/wp-json\/wp\/v2\/comments?post=2278"}],"version-history":[{"count":1,"href":"https:\/\/elconquistadorredloslagos.cl\/test\/wp-json\/wp\/v2\/posts\/2278\/revisions"}],"predecessor-version":[{"id":2280,"href":"https:\/\/elconquistadorredloslagos.cl\/test\/wp-json\/wp\/v2\/posts\/2278\/revisions\/2280"}],"wp:featuredmedia":[{"embeddable":true,"href":"https:\/\/elconquistadorredloslagos.cl\/test\/wp-json\/wp\/v2\/media\/2279"}],"wp:attachment":[{"href":"https:\/\/elconquistadorredloslagos.cl\/test\/wp-json\/wp\/v2\/media?parent=2278"}],"wp:term":[{"taxonomy":"category","embeddable":true,"href":"https:\/\/elconquistadorredloslagos.cl\/test\/wp-json\/wp\/v2\/categories?post=2278"},{"taxonomy":"post_tag","embeddable":true,"href":"https:\/\/elconquistadorredloslagos.cl\/test\/wp-json\/wp\/v2\/tags?post=2278"}],"curies":[{"name":"wp","href":"https:\/\/api.w.org\/{rel}","templated":true}]}}