{"id":2275,"date":"2024-08-21T17:36:40","date_gmt":"2024-08-21T21:36:40","guid":{"rendered":"https:\/\/elconquistadorredloslagos.cl\/test\/?p=2275"},"modified":"2024-08-21T17:36:41","modified_gmt":"2024-08-21T21:36:41","slug":"en-septiembre-se-realizara-campana-que-busca-encontrar-gemelo-genetico-para-nino-ancuditano","status":"publish","type":"post","link":"https:\/\/elconquistadorredloslagos.cl\/test\/blog\/2024\/08\/21\/en-septiembre-se-realizara-campana-que-busca-encontrar-gemelo-genetico-para-nino-ancuditano\/","title":{"rendered":"En septiembre se realizar\u00e1 campa\u00f1a que busca encontrar \u201cgemelo gen\u00e9tico\u201d para ni\u00f1o ancuditano"},"content":{"rendered":"\n<p>Ya hay fecha para campa\u00f1a que pretende encontrar \u201cgemelo gen\u00e9tico\u201d para el peque\u00f1o Dante G\u00f3mez, ni\u00f1o ancuditano de tan solo 1 a\u00f1o y 5 meses de edad, que padece de Beta Talasemia Mayor, enfermedad gen\u00e9tica que provoca la necesidad de constantes transfusiones de sangre.<\/p>\n\n\n\n<p>La realizaci\u00f3n de la campa\u00f1a ser\u00e1 el d\u00eda 7 de septiembre en Ancud, instancia en donde se pretende encontrar a una persona que sea 100% compatible con el ni\u00f1o, y as\u00ed poder implantar c\u00e9lulas madres nuevas, adem\u00e1s de desechar las que tiene actualmente. La instancia est\u00e1 a cargo de la Fundaci\u00f3n DKMS Chile, entidad que trabaja para combatir el c\u00e1ncer de sangre y otros des\u00f3rdenes similares.<\/p>\n\n\n\n<p>Roberto G\u00f3mez, padre de Dante indic\u00f3 que \u201cDante como requiere de donante de c\u00e9lulas madres, \u00e9l requiere ver si es que hay alg\u00fan compatible aqu\u00ed en la regi\u00f3n y b\u00e1sicamente la provincia de Chilo\u00e9, porque m\u00e9dicamente y cient\u00edficamente est\u00e1 comprobado que las personas que habitan geogr\u00e1ficamente en el mismo lugar tienen ciertas condiciones gen\u00e9ticas similares, entonces hay mayores probabilidades de encontrar su gemelo gen\u00e9tico ac\u00e1\u201d.<\/p>\n\n\n\n<p>El progenitor sum\u00f3 que \u201cpara eso se implement\u00f3 esta campa\u00f1a a trav\u00e9s de DKMS Chile; ellos van a venir a la regi\u00f3n desde el d\u00eda 2 hasta el d\u00eda 7 de septiembre, del 2 al 5 de septiembre ellos van a estar en Puerto Montt atendiendo todo lo que son las universidades, eso es en primera instancia. Posteriormente se va a realizar el d\u00eda 7 de septiembre en el gimnasio fiscal (de Ancud) a partir de las 10 de la ma\u00f1ana\u201d, explic\u00f3. Para m\u00e1s informaci\u00f3n se puede visitar las redes sociales como la p\u00e1gina de Facebook: Dante Busca Gemelo Gen\u00e9tico o el Instagram: dante_busca_gemelo_genetico. Tambi\u00e9n a trav\u00e9s de la web en dkms.cl.<\/p>\n","protected":false},"excerpt":{"rendered":"<p>Ya hay fecha para campa\u00f1a que pretende encontrar \u201cgemelo gen\u00e9tico\u201d para el peque\u00f1o Dante G\u00f3mez, ni\u00f1o ancuditano de tan solo 1 a\u00f1o y 5 meses de edad, que padece de..<\/p>\n","protected":false},"author":2,"featured_media":2276,"comment_status":"open","ping_status":"open","sticky":false,"template":"","format":"standard","meta":{"footnotes":""},"categories":[28],"tags":[],"class_list":["post-2275","post","type-post","status-publish","format-standard","has-post-thumbnail","hentry","category-actual"],"rttpg_featured_image_url":{"full":["https:\/\/elconquistadorredloslagos.cl\/test\/wp-content\/uploads\/2024\/08\/DANTE1.jpg",1920,1080,false],"landscape":["https:\/\/elconquistadorredloslagos.cl\/test\/wp-content\/uploads\/2024\/08\/DANTE1.jpg",1920,1080,false],"portraits":["https:\/\/elconquistadorredloslagos.cl\/test\/wp-content\/uploads\/2024\/08\/DANTE1.jpg",1920,1080,false],"thumbnail":["https:\/\/elconquistadorredloslagos.cl\/test\/wp-content\/uploads\/2024\/08\/DANTE1-150x150.jpg",150,150,true],"medium":["https:\/\/elconquistadorredloslagos.cl\/test\/wp-content\/uploads\/2024\/08\/DANTE1-300x169.jpg",300,169,true],"large":["https:\/\/elconquistadorredloslagos.cl\/test\/wp-content\/uploads\/2024\/08\/DANTE1-1024x576.jpg",1024,576,true],"1536x1536":["https:\/\/elconquistadorredloslagos.cl\/test\/wp-content\/uploads\/2024\/08\/DANTE1-1536x864.jpg",1536,864,true],"2048x2048":["https:\/\/elconquistadorredloslagos.cl\/test\/wp-content\/uploads\/2024\/08\/DANTE1.jpg",1920,1080,false]},"rttpg_author":{"display_name":"ccardenas","author_link":"https:\/\/elconquistadorredloslagos.cl\/test\/blog\/author\/ccardenas\/"},"rttpg_comment":1,"rttpg_category":"<a href=\"https:\/\/elconquistadorredloslagos.cl\/test\/blog\/category\/actual\/\" rel=\"category tag\">Actualidad<\/a>","rttpg_excerpt":"Ya hay fecha para campa\u00f1a que pretende encontrar \u201cgemelo gen\u00e9tico\u201d para el peque\u00f1o Dante G\u00f3mez, ni\u00f1o ancuditano de tan solo 1 a\u00f1o y 5 meses de edad, que padece de..","_links":{"self":[{"href":"https:\/\/elconquistadorredloslagos.cl\/test\/wp-json\/wp\/v2\/posts\/2275","targetHints":{"allow":["GET"]}}],"collection":[{"href":"https:\/\/elconquistadorredloslagos.cl\/test\/wp-json\/wp\/v2\/posts"}],"about":[{"href":"https:\/\/elconquistadorredloslagos.cl\/test\/wp-json\/wp\/v2\/types\/post"}],"author":[{"embeddable":true,"href":"https:\/\/elconquistadorredloslagos.cl\/test\/wp-json\/wp\/v2\/users\/2"}],"replies":[{"embeddable":true,"href":"https:\/\/elconquistadorredloslagos.cl\/test\/wp-json\/wp\/v2\/comments?post=2275"}],"version-history":[{"count":1,"href":"https:\/\/elconquistadorredloslagos.cl\/test\/wp-json\/wp\/v2\/posts\/2275\/revisions"}],"predecessor-version":[{"id":2277,"href":"https:\/\/elconquistadorredloslagos.cl\/test\/wp-json\/wp\/v2\/posts\/2275\/revisions\/2277"}],"wp:featuredmedia":[{"embeddable":true,"href":"https:\/\/elconquistadorredloslagos.cl\/test\/wp-json\/wp\/v2\/media\/2276"}],"wp:attachment":[{"href":"https:\/\/elconquistadorredloslagos.cl\/test\/wp-json\/wp\/v2\/media?parent=2275"}],"wp:term":[{"taxonomy":"category","embeddable":true,"href":"https:\/\/elconquistadorredloslagos.cl\/test\/wp-json\/wp\/v2\/categories?post=2275"},{"taxonomy":"post_tag","embeddable":true,"href":"https:\/\/elconquistadorredloslagos.cl\/test\/wp-json\/wp\/v2\/tags?post=2275"}],"curies":[{"name":"wp","href":"https:\/\/api.w.org\/{rel}","templated":true}]}}