{"id":22586,"date":"2026-07-21T11:21:19","date_gmt":"2026-07-21T15:21:19","guid":{"rendered":"https:\/\/elconquistadorredloslagos.cl\/test\/?p=22586"},"modified":"2026-07-21T11:21:19","modified_gmt":"2026-07-21T15:21:19","slug":"una-persona-resulto-lesionada-tras-choque-contra-barrera-de-contencion-en-llanquihue","status":"publish","type":"post","link":"https:\/\/elconquistadorredloslagos.cl\/test\/blog\/2026\/07\/21\/una-persona-resulto-lesionada-tras-choque-contra-barrera-de-contencion-en-llanquihue\/","title":{"rendered":"Una persona result\u00f3 lesionada tras choque contra barrera de contenci\u00f3n en Llanquihue"},"content":{"rendered":"\n<p class=\"wp-block-paragraph\">Una persona sufri\u00f3 lesiones luego de un accidente de tr\u00e1nsito ocurrido la ma\u00f1ana de este martes en la Ruta 5 Sur, a la altura del kil\u00f3metro 1.000, en la comuna de Llanquihue. Por causas que ser\u00e1n investigadas, un autom\u00f3vil impact\u00f3 contra una barrera de contenci\u00f3n en las cercan\u00edas del puente Maull\u00edn.<\/p>\n\n\n\n<p class=\"wp-block-paragraph\">Hasta el lugar se trasladaron voluntarios de la Segunda y Tercera Compa\u00f1\u00edas de Bomberos de Llanquihue, quienes trabajaron junto a otros equipos de emergencia para atender a la persona afectada y controlar la situaci\u00f3n.<\/p>\n\n\n\n<p class=\"wp-block-paragraph\">Las causas que provocaron el accidente deber\u00e1n ser determinadas por las autoridades competentes, que realizar\u00e1n las diligencias correspondientes para esclarecer la din\u00e1mica del hecho.<\/p>\n\n\n\n<p class=\"wp-block-paragraph\">\ud83d\udcf7 Redes Sociales<\/p>\n","protected":false},"excerpt":{"rendered":"<p>Una persona sufri\u00f3 lesiones luego de un accidente de tr\u00e1nsito ocurrido la ma\u00f1ana de este martes en la Ruta 5 Sur, a la altura del kil\u00f3metro 1.000, en la comuna..<\/p>\n","protected":false},"author":2,"featured_media":22587,"comment_status":"closed","ping_status":"open","sticky":false,"template":"","format":"standard","meta":{"footnotes":""},"categories":[1,28,67],"tags":[],"class_list":["post-22586","post","type-post","status-publish","format-standard","has-post-thumbnail","hentry","category-acontecer","category-actual","category-regional"],"rttpg_featured_image_url":{"full":["https:\/\/elconquistadorredloslagos.cl\/test\/wp-content\/uploads\/2026\/07\/Diseno-sin-titulo-3-13.jpg",780,470,false],"landscape":["https:\/\/elconquistadorredloslagos.cl\/test\/wp-content\/uploads\/2026\/07\/Diseno-sin-titulo-3-13.jpg",780,470,false],"portraits":["https:\/\/elconquistadorredloslagos.cl\/test\/wp-content\/uploads\/2026\/07\/Diseno-sin-titulo-3-13.jpg",780,470,false],"thumbnail":["https:\/\/elconquistadorredloslagos.cl\/test\/wp-content\/uploads\/2026\/07\/Diseno-sin-titulo-3-13-150x150.jpg",150,150,true],"medium":["https:\/\/elconquistadorredloslagos.cl\/test\/wp-content\/uploads\/2026\/07\/Diseno-sin-titulo-3-13-300x181.jpg",300,181,true],"large":["https:\/\/elconquistadorredloslagos.cl\/test\/wp-content\/uploads\/2026\/07\/Diseno-sin-titulo-3-13.jpg",780,470,false],"1536x1536":["https:\/\/elconquistadorredloslagos.cl\/test\/wp-content\/uploads\/2026\/07\/Diseno-sin-titulo-3-13.jpg",780,470,false],"2048x2048":["https:\/\/elconquistadorredloslagos.cl\/test\/wp-content\/uploads\/2026\/07\/Diseno-sin-titulo-3-13.jpg",780,470,false]},"rttpg_author":{"display_name":"ccardenas","author_link":"https:\/\/elconquistadorredloslagos.cl\/test\/blog\/author\/ccardenas\/"},"rttpg_comment":0,"rttpg_category":"<a href=\"https:\/\/elconquistadorredloslagos.cl\/test\/blog\/category\/actual\/acontecer\/\" rel=\"category tag\">Acontecer<\/a> <a href=\"https:\/\/elconquistadorredloslagos.cl\/test\/blog\/category\/actual\/\" rel=\"category tag\">Actualidad<\/a> <a href=\"https:\/\/elconquistadorredloslagos.cl\/test\/blog\/category\/regional\/\" rel=\"category tag\">Regional<\/a>","rttpg_excerpt":"Una persona sufri\u00f3 lesiones luego de un accidente de tr\u00e1nsito ocurrido la ma\u00f1ana de este martes en la Ruta 5 Sur, a la altura del kil\u00f3metro 1.000, en la comuna..","_links":{"self":[{"href":"https:\/\/elconquistadorredloslagos.cl\/test\/wp-json\/wp\/v2\/posts\/22586","targetHints":{"allow":["GET"]}}],"collection":[{"href":"https:\/\/elconquistadorredloslagos.cl\/test\/wp-json\/wp\/v2\/posts"}],"about":[{"href":"https:\/\/elconquistadorredloslagos.cl\/test\/wp-json\/wp\/v2\/types\/post"}],"author":[{"embeddable":true,"href":"https:\/\/elconquistadorredloslagos.cl\/test\/wp-json\/wp\/v2\/users\/2"}],"replies":[{"embeddable":true,"href":"https:\/\/elconquistadorredloslagos.cl\/test\/wp-json\/wp\/v2\/comments?post=22586"}],"version-history":[{"count":1,"href":"https:\/\/elconquistadorredloslagos.cl\/test\/wp-json\/wp\/v2\/posts\/22586\/revisions"}],"predecessor-version":[{"id":22588,"href":"https:\/\/elconquistadorredloslagos.cl\/test\/wp-json\/wp\/v2\/posts\/22586\/revisions\/22588"}],"wp:featuredmedia":[{"embeddable":true,"href":"https:\/\/elconquistadorredloslagos.cl\/test\/wp-json\/wp\/v2\/media\/22587"}],"wp:attachment":[{"href":"https:\/\/elconquistadorredloslagos.cl\/test\/wp-json\/wp\/v2\/media?parent=22586"}],"wp:term":[{"taxonomy":"category","embeddable":true,"href":"https:\/\/elconquistadorredloslagos.cl\/test\/wp-json\/wp\/v2\/categories?post=22586"},{"taxonomy":"post_tag","embeddable":true,"href":"https:\/\/elconquistadorredloslagos.cl\/test\/wp-json\/wp\/v2\/tags?post=22586"}],"curies":[{"name":"wp","href":"https:\/\/api.w.org\/{rel}","templated":true}]}}