{"id":22574,"date":"2026-07-21T10:59:40","date_gmt":"2026-07-21T14:59:40","guid":{"rendered":"https:\/\/elconquistadorredloslagos.cl\/test\/?p=22574"},"modified":"2026-07-21T10:59:41","modified_gmt":"2026-07-21T14:59:41","slug":"la-familia-de-mateo-inicio-en-chiloe-un-recorrido-de-esperanza-hasta-santiago","status":"publish","type":"post","link":"https:\/\/elconquistadorredloslagos.cl\/test\/blog\/2026\/07\/21\/la-familia-de-mateo-inicio-en-chiloe-un-recorrido-de-esperanza-hasta-santiago\/","title":{"rendered":"La familia de Mateo inici\u00f3 en Chilo\u00e9 un recorrido de esperanza hasta Santiago"},"content":{"rendered":"\n<p class=\"wp-block-paragraph\">Con el desaf\u00edo de recorrer cientos de kil\u00f3metros y el anhelo de cambiar la vida de su hijo, Rodrigo Mellado y Alexandra Espinoza iniciaron en Castro una caminata solidaria que concluir\u00e1 en Santiago. La cruzada busca reunir $400 millones para costear el tratamiento que Mateo, un ni\u00f1o de tres a\u00f1os con s\u00edndrome de Vacterl, necesita realizar en M\u00e9xico.<\/p>\n\n\n\n<p class=\"wp-block-paragraph\">Los padres comenzaron el recorrido junto a un grupo de amigos provenientes de Concepci\u00f3n, completando la primera etapa entre Castro y Ancud. Durante las pr\u00f3ximas semanas pasar\u00e1n por distintas ciudades del pa\u00eds para difundir la campa\u00f1a y solicitar el apoyo de la comunidad, con la meta de arribar a la capital a fines de agosto.<\/p>\n\n\n\n<p class=\"wp-block-paragraph\">Alexandra Espinoza coment\u00f3 que la historia de Tom\u00e1s Ross fue una motivaci\u00f3n para emprender esta iniciativa, asegurando que inspir\u00f3 a muchas familias a seguir luchando por sus hijos y no resignarse frente a un diagn\u00f3stico.<\/p>\n\n\n\n<p class=\"wp-block-paragraph\">Rodrigo Mellado, en tanto, afirm\u00f3 que cualquier aporte representa un paso m\u00e1s hacia el objetivo. Adem\u00e1s de la caminata, la familia impulsa una rifa de un autom\u00f3vil cero kil\u00f3metro para reunir fondos.<\/p>\n\n\n\n<p class=\"wp-block-paragraph\">La campa\u00f1a \u00abCaminaremos con el Coraz\u00f3n\u00bb se difunde a trav\u00e9s de Instagram y TikTok en la cuenta @super_mateo. Quienes deseen colaborar pueden hacerlo mediante la Cuenta RUT BancoEstado 17.395.137-K o la cuenta corriente Santander 76352216, ambas a nombre de Alexandra Espinoza.<\/p>\n\n\n\n<p class=\"wp-block-paragraph\">\ud83d\udcf7 Cedida<\/p>\n","protected":false},"excerpt":{"rendered":"<p>Con el desaf\u00edo de recorrer cientos de kil\u00f3metros y el anhelo de cambiar la vida de su hijo, Rodrigo Mellado y Alexandra Espinoza iniciaron en Castro una caminata solidaria que..<\/p>\n","protected":false},"author":2,"featured_media":22575,"comment_status":"closed","ping_status":"open","sticky":false,"template":"","format":"standard","meta":{"footnotes":""},"categories":[1,28,51],"tags":[],"class_list":["post-22574","post","type-post","status-publish","format-standard","has-post-thumbnail","hentry","category-acontecer","category-actual","category-chiloe"],"rttpg_featured_image_url":{"full":["https:\/\/elconquistadorredloslagos.cl\/test\/wp-content\/uploads\/2026\/07\/Sin-titulo-1-3.jpg",1920,1080,false],"landscape":["https:\/\/elconquistadorredloslagos.cl\/test\/wp-content\/uploads\/2026\/07\/Sin-titulo-1-3.jpg",1920,1080,false],"portraits":["https:\/\/elconquistadorredloslagos.cl\/test\/wp-content\/uploads\/2026\/07\/Sin-titulo-1-3.jpg",1920,1080,false],"thumbnail":["https:\/\/elconquistadorredloslagos.cl\/test\/wp-content\/uploads\/2026\/07\/Sin-titulo-1-3-150x150.jpg",150,150,true],"medium":["https:\/\/elconquistadorredloslagos.cl\/test\/wp-content\/uploads\/2026\/07\/Sin-titulo-1-3-300x169.jpg",300,169,true],"large":["https:\/\/elconquistadorredloslagos.cl\/test\/wp-content\/uploads\/2026\/07\/Sin-titulo-1-3-1024x576.jpg",1024,576,true],"1536x1536":["https:\/\/elconquistadorredloslagos.cl\/test\/wp-content\/uploads\/2026\/07\/Sin-titulo-1-3-1536x864.jpg",1536,864,true],"2048x2048":["https:\/\/elconquistadorredloslagos.cl\/test\/wp-content\/uploads\/2026\/07\/Sin-titulo-1-3.jpg",1920,1080,false]},"rttpg_author":{"display_name":"ccardenas","author_link":"https:\/\/elconquistadorredloslagos.cl\/test\/blog\/author\/ccardenas\/"},"rttpg_comment":0,"rttpg_category":"<a href=\"https:\/\/elconquistadorredloslagos.cl\/test\/blog\/category\/actual\/acontecer\/\" rel=\"category tag\">Acontecer<\/a> <a href=\"https:\/\/elconquistadorredloslagos.cl\/test\/blog\/category\/actual\/\" rel=\"category tag\">Actualidad<\/a> <a href=\"https:\/\/elconquistadorredloslagos.cl\/test\/blog\/category\/chile\/chiloe\/\" rel=\"category tag\">Chilo\u00e9<\/a>","rttpg_excerpt":"Con el desaf\u00edo de recorrer cientos de kil\u00f3metros y el anhelo de cambiar la vida de su hijo, Rodrigo Mellado y Alexandra Espinoza iniciaron en Castro una caminata solidaria que..","_links":{"self":[{"href":"https:\/\/elconquistadorredloslagos.cl\/test\/wp-json\/wp\/v2\/posts\/22574","targetHints":{"allow":["GET"]}}],"collection":[{"href":"https:\/\/elconquistadorredloslagos.cl\/test\/wp-json\/wp\/v2\/posts"}],"about":[{"href":"https:\/\/elconquistadorredloslagos.cl\/test\/wp-json\/wp\/v2\/types\/post"}],"author":[{"embeddable":true,"href":"https:\/\/elconquistadorredloslagos.cl\/test\/wp-json\/wp\/v2\/users\/2"}],"replies":[{"embeddable":true,"href":"https:\/\/elconquistadorredloslagos.cl\/test\/wp-json\/wp\/v2\/comments?post=22574"}],"version-history":[{"count":1,"href":"https:\/\/elconquistadorredloslagos.cl\/test\/wp-json\/wp\/v2\/posts\/22574\/revisions"}],"predecessor-version":[{"id":22576,"href":"https:\/\/elconquistadorredloslagos.cl\/test\/wp-json\/wp\/v2\/posts\/22574\/revisions\/22576"}],"wp:featuredmedia":[{"embeddable":true,"href":"https:\/\/elconquistadorredloslagos.cl\/test\/wp-json\/wp\/v2\/media\/22575"}],"wp:attachment":[{"href":"https:\/\/elconquistadorredloslagos.cl\/test\/wp-json\/wp\/v2\/media?parent=22574"}],"wp:term":[{"taxonomy":"category","embeddable":true,"href":"https:\/\/elconquistadorredloslagos.cl\/test\/wp-json\/wp\/v2\/categories?post=22574"},{"taxonomy":"post_tag","embeddable":true,"href":"https:\/\/elconquistadorredloslagos.cl\/test\/wp-json\/wp\/v2\/tags?post=22574"}],"curies":[{"name":"wp","href":"https:\/\/api.w.org\/{rel}","templated":true}]}}