{"id":2257,"date":"2024-08-21T10:08:58","date_gmt":"2024-08-21T14:08:58","guid":{"rendered":"https:\/\/elconquistadorredloslagos.cl\/test\/?p=2257"},"modified":"2024-08-21T10:08:59","modified_gmt":"2024-08-21T14:08:59","slug":"region-de-los-lagos-escoge-consejo-consultivo-regional-de-ninos-ninas-y-adolescentes","status":"publish","type":"post","link":"https:\/\/elconquistadorredloslagos.cl\/test\/blog\/2024\/08\/21\/region-de-los-lagos-escoge-consejo-consultivo-regional-de-ninos-ninas-y-adolescentes\/","title":{"rendered":"Regi\u00f3n de Los Lagos escoge consejo consultivo regional de ni\u00f1os, ni\u00f1as y adolescentes"},"content":{"rendered":"\n<p>M\u00e1s de 55 ni\u00f1os, ni\u00f1as y adolescentes de las comunas de la Regi\u00f3n de Los Lagos participaron en el encuentro regional para elegir a los 10 representantes del Consejo Consultivo Regional de Ni\u00f1os, Ni\u00f1as y Adolescentes. Durante esta jornada, tambi\u00e9n se seleccionaron a los dos delegados que representar\u00e1n a la regi\u00f3n en el Encuentro Nacional, programado para el pr\u00f3ximo mes de noviembre.<\/p>\n\n\n\n<p>\u201cLa participaci\u00f3n de ni\u00f1os, ni\u00f1as y adolescencia es un derecho fundamental. Gracias a estos encuentros durante el 2023 ni\u00f1os, ni\u00f1as y adolescentes de los Consejos Consultivos Regionales y Nacionales participaron de la construcci\u00f3n de la nueva Pol\u00edtica Nacional de Ni\u00f1ez y su Plan de Acci\u00f3n, una hoja de ruta donde se plasmaron sus preocupaciones e inter\u00e9s, con el objetivo de trabajar por su bienestar\u201d, indic\u00f3 la subsecretaria de la Ni\u00f1ez, Ver\u00f3nica Silva.<\/p>\n\n\n\n<p>El Encuentro Regional de Los Lagos, que reuni\u00f3 a representantes de los Consejos Consultivos de las 30 comunas de la regi\u00f3n, tuvo como objetivo principal la elecci\u00f3n de los 10 integrantes que conformar\u00e1n el Consejo Consultivo Regional. Adem\u00e1s, se eligi\u00f3 a los dos representantes de la directiva que asistir\u00e1n al Encuentro Nacional, que se realizar\u00e1 durante el mes noviembre en Santiago.<\/p>\n","protected":false},"excerpt":{"rendered":"<p>M\u00e1s de 55 ni\u00f1os, ni\u00f1as y adolescentes de las comunas de la Regi\u00f3n de Los Lagos participaron en el encuentro regional para elegir a los 10 representantes del Consejo Consultivo..<\/p>\n","protected":false},"author":2,"featured_media":2258,"comment_status":"open","ping_status":"open","sticky":false,"template":"","format":"standard","meta":{"footnotes":""},"categories":[28],"tags":[],"class_list":["post-2257","post","type-post","status-publish","format-standard","has-post-thumbnail","hentry","category-actual"],"rttpg_featured_image_url":{"full":["https:\/\/elconquistadorredloslagos.cl\/test\/wp-content\/uploads\/2024\/08\/ENCUENTRO-NNA-1-scaled.jpeg",2560,1920,false],"landscape":["https:\/\/elconquistadorredloslagos.cl\/test\/wp-content\/uploads\/2024\/08\/ENCUENTRO-NNA-1-scaled.jpeg",2560,1920,false],"portraits":["https:\/\/elconquistadorredloslagos.cl\/test\/wp-content\/uploads\/2024\/08\/ENCUENTRO-NNA-1-scaled.jpeg",2560,1920,false],"thumbnail":["https:\/\/elconquistadorredloslagos.cl\/test\/wp-content\/uploads\/2024\/08\/ENCUENTRO-NNA-1-150x150.jpeg",150,150,true],"medium":["https:\/\/elconquistadorredloslagos.cl\/test\/wp-content\/uploads\/2024\/08\/ENCUENTRO-NNA-1-300x225.jpeg",300,225,true],"large":["https:\/\/elconquistadorredloslagos.cl\/test\/wp-content\/uploads\/2024\/08\/ENCUENTRO-NNA-1-1024x768.jpeg",1024,768,true],"1536x1536":["https:\/\/elconquistadorredloslagos.cl\/test\/wp-content\/uploads\/2024\/08\/ENCUENTRO-NNA-1-1536x1152.jpeg",1536,1152,true],"2048x2048":["https:\/\/elconquistadorredloslagos.cl\/test\/wp-content\/uploads\/2024\/08\/ENCUENTRO-NNA-1-2048x1536.jpeg",2048,1536,true]},"rttpg_author":{"display_name":"ccardenas","author_link":"https:\/\/elconquistadorredloslagos.cl\/test\/blog\/author\/ccardenas\/"},"rttpg_comment":0,"rttpg_category":"<a href=\"https:\/\/elconquistadorredloslagos.cl\/test\/blog\/category\/actual\/\" rel=\"category tag\">Actualidad<\/a>","rttpg_excerpt":"M\u00e1s de 55 ni\u00f1os, ni\u00f1as y adolescentes de las comunas de la Regi\u00f3n de Los Lagos participaron en el encuentro regional para elegir a los 10 representantes del Consejo Consultivo..","_links":{"self":[{"href":"https:\/\/elconquistadorredloslagos.cl\/test\/wp-json\/wp\/v2\/posts\/2257","targetHints":{"allow":["GET"]}}],"collection":[{"href":"https:\/\/elconquistadorredloslagos.cl\/test\/wp-json\/wp\/v2\/posts"}],"about":[{"href":"https:\/\/elconquistadorredloslagos.cl\/test\/wp-json\/wp\/v2\/types\/post"}],"author":[{"embeddable":true,"href":"https:\/\/elconquistadorredloslagos.cl\/test\/wp-json\/wp\/v2\/users\/2"}],"replies":[{"embeddable":true,"href":"https:\/\/elconquistadorredloslagos.cl\/test\/wp-json\/wp\/v2\/comments?post=2257"}],"version-history":[{"count":1,"href":"https:\/\/elconquistadorredloslagos.cl\/test\/wp-json\/wp\/v2\/posts\/2257\/revisions"}],"predecessor-version":[{"id":2259,"href":"https:\/\/elconquistadorredloslagos.cl\/test\/wp-json\/wp\/v2\/posts\/2257\/revisions\/2259"}],"wp:featuredmedia":[{"embeddable":true,"href":"https:\/\/elconquistadorredloslagos.cl\/test\/wp-json\/wp\/v2\/media\/2258"}],"wp:attachment":[{"href":"https:\/\/elconquistadorredloslagos.cl\/test\/wp-json\/wp\/v2\/media?parent=2257"}],"wp:term":[{"taxonomy":"category","embeddable":true,"href":"https:\/\/elconquistadorredloslagos.cl\/test\/wp-json\/wp\/v2\/categories?post=2257"},{"taxonomy":"post_tag","embeddable":true,"href":"https:\/\/elconquistadorredloslagos.cl\/test\/wp-json\/wp\/v2\/tags?post=2257"}],"curies":[{"name":"wp","href":"https:\/\/api.w.org\/{rel}","templated":true}]}}