{"id":22562,"date":"2026-07-20T16:55:09","date_gmt":"2026-07-20T20:55:09","guid":{"rendered":"https:\/\/elconquistadorredloslagos.cl\/test\/?p=22562"},"modified":"2026-07-20T16:55:09","modified_gmt":"2026-07-20T20:55:09","slug":"prision-preventiva-para-imputado-por-muerte-del-joven-castreno-luciano-riadi","status":"publish","type":"post","link":"https:\/\/elconquistadorredloslagos.cl\/test\/blog\/2026\/07\/20\/prision-preventiva-para-imputado-por-muerte-del-joven-castreno-luciano-riadi\/","title":{"rendered":"Prisi\u00f3n preventiva para imputado por muerte del joven castre\u00f1o Luciano Riadi"},"content":{"rendered":"\n<p class=\"wp-block-paragraph\">El Tribunal de Juicio Oral en lo Penal de Castro, decret\u00f3 prisi\u00f3n preventiva para el imputado por la muerte del joven castre\u00f1o Luciano Riadi, tras la audiencia de formalizaci\u00f3n realizada este lunes. Adem\u00e1s, se fij\u00f3 un plazo de 120 d\u00edas para el desarrollo de la investigaci\u00f3n.<\/p>\n\n\n\n<p class=\"wp-block-paragraph\">De acuerdo con la querella presentada por el Centro de Apoyo a V\u00edctimas de Castro (CAVI), que representa a la madre de la v\u00edctima, Claudia Vel\u00e1squez, los hechos ocurrieron a fines de marzo, cuando el imputado habr\u00eda impactado de frente y a alta velocidad el veh\u00edculo en el que viajaba Luciano. Seg\u00fan la acci\u00f3n judicial, el informe de la Secci\u00f3n de Investigaci\u00f3n de Accidentes de Tr\u00e1nsito (SIAT) de Carabineros respaldar\u00eda la hip\u00f3tesis de un homicidio y no de un accidente de tr\u00e1nsito.<\/p>\n\n\n\n<p class=\"wp-block-paragraph\">Tras la resoluci\u00f3n, el abogado del CAVI, \u00c1lex Contreras, se\u00f1al\u00f3 que la medida cautelar representa \u201cuna gota de alivio dentro de este oc\u00e9ano de sufrimiento\u201d para la familia del joven.<\/p>\n\n\n\n<p class=\"wp-block-paragraph\">La investigaci\u00f3n continuar\u00e1 durante los pr\u00f3ximos cuatro meses para esclarecer las circunstancias del caso.<\/p>\n\n\n\n<p class=\"wp-block-paragraph\">\ud83d\udcf7 Referencial<\/p>\n","protected":false},"excerpt":{"rendered":"<p>El Tribunal de Juicio Oral en lo Penal de Castro, decret\u00f3 prisi\u00f3n preventiva para el imputado por la muerte del joven castre\u00f1o Luciano Riadi, tras la audiencia de formalizaci\u00f3n realizada..<\/p>\n","protected":false},"author":2,"featured_media":22563,"comment_status":"closed","ping_status":"open","sticky":false,"template":"","format":"standard","meta":{"footnotes":""},"categories":[1,28,51],"tags":[],"class_list":["post-22562","post","type-post","status-publish","format-standard","has-post-thumbnail","hentry","category-acontecer","category-actual","category-chiloe"],"rttpg_featured_image_url":{"full":["https:\/\/elconquistadorredloslagos.cl\/test\/wp-content\/uploads\/2026\/07\/Diseno-sin-titulo-3-12.jpg",780,470,false],"landscape":["https:\/\/elconquistadorredloslagos.cl\/test\/wp-content\/uploads\/2026\/07\/Diseno-sin-titulo-3-12.jpg",780,470,false],"portraits":["https:\/\/elconquistadorredloslagos.cl\/test\/wp-content\/uploads\/2026\/07\/Diseno-sin-titulo-3-12.jpg",780,470,false],"thumbnail":["https:\/\/elconquistadorredloslagos.cl\/test\/wp-content\/uploads\/2026\/07\/Diseno-sin-titulo-3-12-150x150.jpg",150,150,true],"medium":["https:\/\/elconquistadorredloslagos.cl\/test\/wp-content\/uploads\/2026\/07\/Diseno-sin-titulo-3-12-300x181.jpg",300,181,true],"large":["https:\/\/elconquistadorredloslagos.cl\/test\/wp-content\/uploads\/2026\/07\/Diseno-sin-titulo-3-12.jpg",780,470,false],"1536x1536":["https:\/\/elconquistadorredloslagos.cl\/test\/wp-content\/uploads\/2026\/07\/Diseno-sin-titulo-3-12.jpg",780,470,false],"2048x2048":["https:\/\/elconquistadorredloslagos.cl\/test\/wp-content\/uploads\/2026\/07\/Diseno-sin-titulo-3-12.jpg",780,470,false]},"rttpg_author":{"display_name":"ccardenas","author_link":"https:\/\/elconquistadorredloslagos.cl\/test\/blog\/author\/ccardenas\/"},"rttpg_comment":0,"rttpg_category":"<a href=\"https:\/\/elconquistadorredloslagos.cl\/test\/blog\/category\/actual\/acontecer\/\" rel=\"category tag\">Acontecer<\/a> <a href=\"https:\/\/elconquistadorredloslagos.cl\/test\/blog\/category\/actual\/\" rel=\"category tag\">Actualidad<\/a> <a href=\"https:\/\/elconquistadorredloslagos.cl\/test\/blog\/category\/chile\/chiloe\/\" rel=\"category tag\">Chilo\u00e9<\/a>","rttpg_excerpt":"El Tribunal de Juicio Oral en lo Penal de Castro, decret\u00f3 prisi\u00f3n preventiva para el imputado por la muerte del joven castre\u00f1o Luciano Riadi, tras la audiencia de formalizaci\u00f3n realizada..","_links":{"self":[{"href":"https:\/\/elconquistadorredloslagos.cl\/test\/wp-json\/wp\/v2\/posts\/22562","targetHints":{"allow":["GET"]}}],"collection":[{"href":"https:\/\/elconquistadorredloslagos.cl\/test\/wp-json\/wp\/v2\/posts"}],"about":[{"href":"https:\/\/elconquistadorredloslagos.cl\/test\/wp-json\/wp\/v2\/types\/post"}],"author":[{"embeddable":true,"href":"https:\/\/elconquistadorredloslagos.cl\/test\/wp-json\/wp\/v2\/users\/2"}],"replies":[{"embeddable":true,"href":"https:\/\/elconquistadorredloslagos.cl\/test\/wp-json\/wp\/v2\/comments?post=22562"}],"version-history":[{"count":1,"href":"https:\/\/elconquistadorredloslagos.cl\/test\/wp-json\/wp\/v2\/posts\/22562\/revisions"}],"predecessor-version":[{"id":22564,"href":"https:\/\/elconquistadorredloslagos.cl\/test\/wp-json\/wp\/v2\/posts\/22562\/revisions\/22564"}],"wp:featuredmedia":[{"embeddable":true,"href":"https:\/\/elconquistadorredloslagos.cl\/test\/wp-json\/wp\/v2\/media\/22563"}],"wp:attachment":[{"href":"https:\/\/elconquistadorredloslagos.cl\/test\/wp-json\/wp\/v2\/media?parent=22562"}],"wp:term":[{"taxonomy":"category","embeddable":true,"href":"https:\/\/elconquistadorredloslagos.cl\/test\/wp-json\/wp\/v2\/categories?post=22562"},{"taxonomy":"post_tag","embeddable":true,"href":"https:\/\/elconquistadorredloslagos.cl\/test\/wp-json\/wp\/v2\/tags?post=22562"}],"curies":[{"name":"wp","href":"https:\/\/api.w.org\/{rel}","templated":true}]}}