{"id":2254,"date":"2024-08-21T10:02:10","date_gmt":"2024-08-21T14:02:10","guid":{"rendered":"https:\/\/elconquistadorredloslagos.cl\/test\/?p=2254"},"modified":"2024-08-21T10:02:11","modified_gmt":"2024-08-21T14:02:11","slug":"confunden-guina-con-gata-domestica-en-puerto-montt","status":"publish","type":"post","link":"https:\/\/elconquistadorredloslagos.cl\/test\/blog\/2024\/08\/21\/confunden-guina-con-gata-domestica-en-puerto-montt\/","title":{"rendered":"Confunden g\u00fci\u00f1a con gata dom\u00e9stica en Puerto Montt"},"content":{"rendered":"\n<p>Hasta el centro de conservaci\u00f3n y rehabilitaci\u00f3n de la ONG Chilo\u00e9 Silvestre ubicado en el sector rural de Nal, Pen\u00ednsula de Lacuy en Ancud, ser\u00e1 trasladado la peque\u00f1a gata conocida como gui\u00f1a (<em>Leopardus guigna<\/em>), encontrada por una persona en las cercan\u00edas del parque La Paloma de Puerto Montt.<\/p>\n\n\n\n<p>De acuerdo a la informaci\u00f3n preliminar, se presume que el animal salvaje era perseguido por perros, por lo que la persona&nbsp; que lo encontr\u00f3 no dud\u00f3 en llevarlo a su domicilio.<\/p>\n\n\n\n<p>Una de las curiosidades de esta historia, es que pese al car\u00e1cter salvaje del felino, este sujeto pens\u00f3 que era un gato dom\u00e9stico, ofreci\u00e9ndolo en adopci\u00f3n a trav\u00e9s de Facebook y, en el intertanto, acudi\u00f3 a una cl\u00ednica veterinaria para entregarlo \u201ccon sus vacunas al d\u00eda\u201d, seg\u00fan cuentan profesionales que ahora est\u00e1n a cargo del animal.<\/p>\n\n\n\n<p>A la espera de su arribo en Chilo\u00e9, los profesionales de Chilo\u00e9 Silvestre se refirieron a este peculiar caso. As\u00ed lo relat\u00f3 Javier Cabello, m\u00e9dico veterinario y director de la entidad. \u201cEsa g\u00fci\u00f1ita llegar\u00eda esta semana a Chilo\u00e9 Silvestre, se est\u00e1 esperando que se coordine SAG Puerto Montt y SAG Ancud para el traslado. Nosotros tenemos un recinto especial para ellos, que construimos hace poco con ayuda econ\u00f3mica de la Fundaci\u00f3n Con Garra\u201d. Sum\u00f3 el profesional que \u201cah\u00ed tuvimos una hace poco, se liber\u00f3 hace 10 d\u00edas, despu\u00e9s de un proceso de 5 meses. La g\u00fci\u00f1a liberada lleg\u00f3 en estas mismas condiciones y con buen resultado; por eso la coordinaci\u00f3n para que llegue a Chilo\u00e9 Silvestre y pueda tener el mismo destino\u201d, acot\u00f3.<\/p>\n","protected":false},"excerpt":{"rendered":"<p>Hasta el centro de conservaci\u00f3n y rehabilitaci\u00f3n de la ONG Chilo\u00e9 Silvestre ubicado en el sector rural de Nal, Pen\u00ednsula de Lacuy en Ancud, ser\u00e1 trasladado la peque\u00f1a gata conocida..<\/p>\n","protected":false},"author":2,"featured_media":2255,"comment_status":"open","ping_status":"open","sticky":false,"template":"","format":"standard","meta":{"footnotes":""},"categories":[28],"tags":[],"class_list":["post-2254","post","type-post","status-publish","format-standard","has-post-thumbnail","hentry","category-actual"],"rttpg_featured_image_url":{"full":["https:\/\/elconquistadorredloslagos.cl\/test\/wp-content\/uploads\/2024\/08\/WhatsApp-Image-2024-08-20-at-20.28.27.jpeg",1200,1600,false],"landscape":["https:\/\/elconquistadorredloslagos.cl\/test\/wp-content\/uploads\/2024\/08\/WhatsApp-Image-2024-08-20-at-20.28.27.jpeg",1200,1600,false],"portraits":["https:\/\/elconquistadorredloslagos.cl\/test\/wp-content\/uploads\/2024\/08\/WhatsApp-Image-2024-08-20-at-20.28.27.jpeg",1200,1600,false],"thumbnail":["https:\/\/elconquistadorredloslagos.cl\/test\/wp-content\/uploads\/2024\/08\/WhatsApp-Image-2024-08-20-at-20.28.27-150x150.jpeg",150,150,true],"medium":["https:\/\/elconquistadorredloslagos.cl\/test\/wp-content\/uploads\/2024\/08\/WhatsApp-Image-2024-08-20-at-20.28.27-225x300.jpeg",225,300,true],"large":["https:\/\/elconquistadorredloslagos.cl\/test\/wp-content\/uploads\/2024\/08\/WhatsApp-Image-2024-08-20-at-20.28.27-768x1024.jpeg",768,1024,true],"1536x1536":["https:\/\/elconquistadorredloslagos.cl\/test\/wp-content\/uploads\/2024\/08\/WhatsApp-Image-2024-08-20-at-20.28.27-1152x1536.jpeg",1152,1536,true],"2048x2048":["https:\/\/elconquistadorredloslagos.cl\/test\/wp-content\/uploads\/2024\/08\/WhatsApp-Image-2024-08-20-at-20.28.27.jpeg",1200,1600,false]},"rttpg_author":{"display_name":"ccardenas","author_link":"https:\/\/elconquistadorredloslagos.cl\/test\/blog\/author\/ccardenas\/"},"rttpg_comment":0,"rttpg_category":"<a href=\"https:\/\/elconquistadorredloslagos.cl\/test\/blog\/category\/actual\/\" rel=\"category tag\">Actualidad<\/a>","rttpg_excerpt":"Hasta el centro de conservaci\u00f3n y rehabilitaci\u00f3n de la ONG Chilo\u00e9 Silvestre ubicado en el sector rural de Nal, Pen\u00ednsula de Lacuy en Ancud, ser\u00e1 trasladado la peque\u00f1a gata conocida..","_links":{"self":[{"href":"https:\/\/elconquistadorredloslagos.cl\/test\/wp-json\/wp\/v2\/posts\/2254","targetHints":{"allow":["GET"]}}],"collection":[{"href":"https:\/\/elconquistadorredloslagos.cl\/test\/wp-json\/wp\/v2\/posts"}],"about":[{"href":"https:\/\/elconquistadorredloslagos.cl\/test\/wp-json\/wp\/v2\/types\/post"}],"author":[{"embeddable":true,"href":"https:\/\/elconquistadorredloslagos.cl\/test\/wp-json\/wp\/v2\/users\/2"}],"replies":[{"embeddable":true,"href":"https:\/\/elconquistadorredloslagos.cl\/test\/wp-json\/wp\/v2\/comments?post=2254"}],"version-history":[{"count":1,"href":"https:\/\/elconquistadorredloslagos.cl\/test\/wp-json\/wp\/v2\/posts\/2254\/revisions"}],"predecessor-version":[{"id":2256,"href":"https:\/\/elconquistadorredloslagos.cl\/test\/wp-json\/wp\/v2\/posts\/2254\/revisions\/2256"}],"wp:featuredmedia":[{"embeddable":true,"href":"https:\/\/elconquistadorredloslagos.cl\/test\/wp-json\/wp\/v2\/media\/2255"}],"wp:attachment":[{"href":"https:\/\/elconquistadorredloslagos.cl\/test\/wp-json\/wp\/v2\/media?parent=2254"}],"wp:term":[{"taxonomy":"category","embeddable":true,"href":"https:\/\/elconquistadorredloslagos.cl\/test\/wp-json\/wp\/v2\/categories?post=2254"},{"taxonomy":"post_tag","embeddable":true,"href":"https:\/\/elconquistadorredloslagos.cl\/test\/wp-json\/wp\/v2\/tags?post=2254"}],"curies":[{"name":"wp","href":"https:\/\/api.w.org\/{rel}","templated":true}]}}