{"id":22528,"date":"2026-07-17T15:45:10","date_gmt":"2026-07-17T19:45:10","guid":{"rendered":"https:\/\/elconquistadorredloslagos.cl\/test\/?p=22528"},"modified":"2026-07-17T15:45:11","modified_gmt":"2026-07-17T19:45:11","slug":"homicidios-disminuyen-un-30-en-los-lagos-durante-el-primer-semestre-de-2026","status":"publish","type":"post","link":"https:\/\/elconquistadorredloslagos.cl\/test\/blog\/2026\/07\/17\/homicidios-disminuyen-un-30-en-los-lagos-durante-el-primer-semestre-de-2026\/","title":{"rendered":"Homicidios disminuyen un 30% en Los Lagos durante el primer semestre de 2026"},"content":{"rendered":"\n<p class=\"wp-block-paragraph\">Una reducci\u00f3n del 30% registran los homicidios en la Regi\u00f3n de Los Lagos durante la primera mitad de 2026, de acuerdo con cifras del Centro para la Prevenci\u00f3n de Homicidios y Delitos Violentos. Entre enero y junio, la Fiscal\u00eda investiga 14 casos, frente a los 20 hechos registrados en el mismo per\u00edodo del a\u00f1o pasado.<\/p>\n\n\n\n<p class=\"wp-block-paragraph\">Del total de investigaciones en curso, uno corresponde a un femicidio y otro a la muerte de un carabinero en Puerto Varas. En 2025, en tanto, se contabilizaron 41 homicidios en toda la regi\u00f3n.<\/p>\n\n\n\n<p class=\"wp-block-paragraph\">El seremi de Seguridad P\u00fablica, Francisco Mu\u00f1oz, atribuy\u00f3 esta baja al trabajo investigativo desarrollado por la Fiscal\u00eda y las polic\u00edas, lo que ha permitido detener y llevar ante la justicia a presuntos responsables de delitos graves. Tambi\u00e9n destac\u00f3 el impacto de los operativos destinados a reducir incivilidades, como el consumo de alcohol y drogas en la v\u00eda p\u00fablica, adem\u00e1s del decomiso de armas blancas y de fuego.<\/p>\n\n\n\n<p class=\"wp-block-paragraph\">La autoridad agreg\u00f3 que el uso de armas de fuego ha aumentado en este tipo de delitos y que los homicidios asociados a bandas organizadas contin\u00faan concentr\u00e1ndose principalmente en campamentos y sectores vulnerables de la provincia de Osorno.<\/p>\n\n\n\n<p class=\"wp-block-paragraph\">Desde el Gobierno esperan que el fortalecimiento de los controles y el despliegue policial en barrios cr\u00edticos permita mantener la tendencia a la baja durante el resto del a\u00f1o.<\/p>\n\n\n\n<p class=\"wp-block-paragraph\">\ud83d\udcf7 Referencial<\/p>\n","protected":false},"excerpt":{"rendered":"<p>Una reducci\u00f3n del 30% registran los homicidios en la Regi\u00f3n de Los Lagos durante la primera mitad de 2026, de acuerdo con cifras del Centro para la Prevenci\u00f3n de Homicidios..<\/p>\n","protected":false},"author":2,"featured_media":22529,"comment_status":"closed","ping_status":"open","sticky":false,"template":"","format":"standard","meta":{"footnotes":""},"categories":[1,28,67],"tags":[],"class_list":["post-22528","post","type-post","status-publish","format-standard","has-post-thumbnail","hentry","category-acontecer","category-actual","category-regional"],"rttpg_featured_image_url":{"full":["https:\/\/elconquistadorredloslagos.cl\/test\/wp-content\/uploads\/2026\/07\/89.jpg",780,470,false],"landscape":["https:\/\/elconquistadorredloslagos.cl\/test\/wp-content\/uploads\/2026\/07\/89.jpg",780,470,false],"portraits":["https:\/\/elconquistadorredloslagos.cl\/test\/wp-content\/uploads\/2026\/07\/89.jpg",780,470,false],"thumbnail":["https:\/\/elconquistadorredloslagos.cl\/test\/wp-content\/uploads\/2026\/07\/89-150x150.jpg",150,150,true],"medium":["https:\/\/elconquistadorredloslagos.cl\/test\/wp-content\/uploads\/2026\/07\/89-300x181.jpg",300,181,true],"large":["https:\/\/elconquistadorredloslagos.cl\/test\/wp-content\/uploads\/2026\/07\/89.jpg",780,470,false],"1536x1536":["https:\/\/elconquistadorredloslagos.cl\/test\/wp-content\/uploads\/2026\/07\/89.jpg",780,470,false],"2048x2048":["https:\/\/elconquistadorredloslagos.cl\/test\/wp-content\/uploads\/2026\/07\/89.jpg",780,470,false]},"rttpg_author":{"display_name":"ccardenas","author_link":"https:\/\/elconquistadorredloslagos.cl\/test\/blog\/author\/ccardenas\/"},"rttpg_comment":0,"rttpg_category":"<a href=\"https:\/\/elconquistadorredloslagos.cl\/test\/blog\/category\/actual\/acontecer\/\" rel=\"category tag\">Acontecer<\/a> <a href=\"https:\/\/elconquistadorredloslagos.cl\/test\/blog\/category\/actual\/\" rel=\"category tag\">Actualidad<\/a> <a href=\"https:\/\/elconquistadorredloslagos.cl\/test\/blog\/category\/regional\/\" rel=\"category tag\">Regional<\/a>","rttpg_excerpt":"Una reducci\u00f3n del 30% registran los homicidios en la Regi\u00f3n de Los Lagos durante la primera mitad de 2026, de acuerdo con cifras del Centro para la Prevenci\u00f3n de Homicidios..","_links":{"self":[{"href":"https:\/\/elconquistadorredloslagos.cl\/test\/wp-json\/wp\/v2\/posts\/22528","targetHints":{"allow":["GET"]}}],"collection":[{"href":"https:\/\/elconquistadorredloslagos.cl\/test\/wp-json\/wp\/v2\/posts"}],"about":[{"href":"https:\/\/elconquistadorredloslagos.cl\/test\/wp-json\/wp\/v2\/types\/post"}],"author":[{"embeddable":true,"href":"https:\/\/elconquistadorredloslagos.cl\/test\/wp-json\/wp\/v2\/users\/2"}],"replies":[{"embeddable":true,"href":"https:\/\/elconquistadorredloslagos.cl\/test\/wp-json\/wp\/v2\/comments?post=22528"}],"version-history":[{"count":1,"href":"https:\/\/elconquistadorredloslagos.cl\/test\/wp-json\/wp\/v2\/posts\/22528\/revisions"}],"predecessor-version":[{"id":22530,"href":"https:\/\/elconquistadorredloslagos.cl\/test\/wp-json\/wp\/v2\/posts\/22528\/revisions\/22530"}],"wp:featuredmedia":[{"embeddable":true,"href":"https:\/\/elconquistadorredloslagos.cl\/test\/wp-json\/wp\/v2\/media\/22529"}],"wp:attachment":[{"href":"https:\/\/elconquistadorredloslagos.cl\/test\/wp-json\/wp\/v2\/media?parent=22528"}],"wp:term":[{"taxonomy":"category","embeddable":true,"href":"https:\/\/elconquistadorredloslagos.cl\/test\/wp-json\/wp\/v2\/categories?post=22528"},{"taxonomy":"post_tag","embeddable":true,"href":"https:\/\/elconquistadorredloslagos.cl\/test\/wp-json\/wp\/v2\/tags?post=22528"}],"curies":[{"name":"wp","href":"https:\/\/api.w.org\/{rel}","templated":true}]}}