{"id":2236,"date":"2024-08-20T12:37:49","date_gmt":"2024-08-20T16:37:49","guid":{"rendered":"https:\/\/elconquistadorredloslagos.cl\/test\/?p=2236"},"modified":"2024-08-20T12:37:49","modified_gmt":"2024-08-20T16:37:49","slug":"marina-mercante-nacional-de-cabotaje-rechaza-modificacion-de-decreto-supremo-que-regula-el-buceo-profesional-y-deportivo","status":"publish","type":"post","link":"https:\/\/elconquistadorredloslagos.cl\/test\/blog\/2024\/08\/20\/marina-mercante-nacional-de-cabotaje-rechaza-modificacion-de-decreto-supremo-que-regula-el-buceo-profesional-y-deportivo\/","title":{"rendered":"Marina Mercante Nacional de Cabotaje rechaza modificaci\u00f3n de decreto supremo que regula el buceo profesional y deportivo"},"content":{"rendered":"\n<p>En una reciente declaraci\u00f3n p\u00fablica, las principales federaciones que agrupan a los trabajadores de la Marina Mercante Nacional de Cabotaje han manifestado su rotundo rechazo a la modificaci\u00f3n del decreto supremo N\u00b0752 del Ministerio de Defensa Nacional, que regula el buceo profesional y deportivo en Chile.<\/p>\n\n\n\n<p>Entre las organizaciones que suscriben la declaraci\u00f3n se encuentran la Federaci\u00f3n de Sindicatos Mar\u00edtimos y la Federaci\u00f3n Nacional de Sindicatos de Oficiales Naves Mercantes y Especiales de Chile.<\/p>\n\n\n\n<p>Esta medida responde a un dictamen de la Contralor\u00eda General de la Rep\u00fablica, que consideraba que tal exigencia era \u00abcontraria a derecho\u00bb.<\/p>\n\n\n\n<p>En su declaraci\u00f3n, sostienen que esta medida \u00abdesmantela los tradicionales y centenarios derechos de la gente de mar\u00bb, dejando en una situaci\u00f3n de precariedad laboral a miles de chilenos, particularmente a las comunidades de buzos profesionales que han heredado esta actividad de generaci\u00f3n en generaci\u00f3n en zonas como Chilo\u00e9, Ays\u00e9n y Punta Arenas.<\/p>\n\n\n\n<p>En concreto, los sindicatos destacan que los afectados directos por esta modificaci\u00f3n son m\u00e1s de 58 mil pescadores y mariscadores, adem\u00e1s de casi 240 mil trabajadores matriculados e independientes de ribera.<\/p>\n","protected":false},"excerpt":{"rendered":"<p>En una reciente declaraci\u00f3n p\u00fablica, las principales federaciones que agrupan a los trabajadores de la Marina Mercante Nacional de Cabotaje han manifestado su rotundo rechazo a la modificaci\u00f3n del decreto..<\/p>\n","protected":false},"author":2,"featured_media":2238,"comment_status":"open","ping_status":"open","sticky":false,"template":"","format":"standard","meta":{"footnotes":""},"categories":[28],"tags":[],"class_list":["post-2236","post","type-post","status-publish","format-standard","has-post-thumbnail","hentry","category-actual"],"rttpg_featured_image_url":{"full":["https:\/\/elconquistadorredloslagos.cl\/test\/wp-content\/uploads\/2024\/08\/thumb__844_406_0_0_crop.jpg",844,406,false],"landscape":["https:\/\/elconquistadorredloslagos.cl\/test\/wp-content\/uploads\/2024\/08\/thumb__844_406_0_0_crop.jpg",844,406,false],"portraits":["https:\/\/elconquistadorredloslagos.cl\/test\/wp-content\/uploads\/2024\/08\/thumb__844_406_0_0_crop.jpg",844,406,false],"thumbnail":["https:\/\/elconquistadorredloslagos.cl\/test\/wp-content\/uploads\/2024\/08\/thumb__844_406_0_0_crop-150x150.jpg",150,150,true],"medium":["https:\/\/elconquistadorredloslagos.cl\/test\/wp-content\/uploads\/2024\/08\/thumb__844_406_0_0_crop-300x144.jpg",300,144,true],"large":["https:\/\/elconquistadorredloslagos.cl\/test\/wp-content\/uploads\/2024\/08\/thumb__844_406_0_0_crop.jpg",844,406,false],"1536x1536":["https:\/\/elconquistadorredloslagos.cl\/test\/wp-content\/uploads\/2024\/08\/thumb__844_406_0_0_crop.jpg",844,406,false],"2048x2048":["https:\/\/elconquistadorredloslagos.cl\/test\/wp-content\/uploads\/2024\/08\/thumb__844_406_0_0_crop.jpg",844,406,false]},"rttpg_author":{"display_name":"ccardenas","author_link":"https:\/\/elconquistadorredloslagos.cl\/test\/blog\/author\/ccardenas\/"},"rttpg_comment":0,"rttpg_category":"<a href=\"https:\/\/elconquistadorredloslagos.cl\/test\/blog\/category\/actual\/\" rel=\"category tag\">Actualidad<\/a>","rttpg_excerpt":"En una reciente declaraci\u00f3n p\u00fablica, las principales federaciones que agrupan a los trabajadores de la Marina Mercante Nacional de Cabotaje han manifestado su rotundo rechazo a la modificaci\u00f3n del decreto..","_links":{"self":[{"href":"https:\/\/elconquistadorredloslagos.cl\/test\/wp-json\/wp\/v2\/posts\/2236","targetHints":{"allow":["GET"]}}],"collection":[{"href":"https:\/\/elconquistadorredloslagos.cl\/test\/wp-json\/wp\/v2\/posts"}],"about":[{"href":"https:\/\/elconquistadorredloslagos.cl\/test\/wp-json\/wp\/v2\/types\/post"}],"author":[{"embeddable":true,"href":"https:\/\/elconquistadorredloslagos.cl\/test\/wp-json\/wp\/v2\/users\/2"}],"replies":[{"embeddable":true,"href":"https:\/\/elconquistadorredloslagos.cl\/test\/wp-json\/wp\/v2\/comments?post=2236"}],"version-history":[{"count":1,"href":"https:\/\/elconquistadorredloslagos.cl\/test\/wp-json\/wp\/v2\/posts\/2236\/revisions"}],"predecessor-version":[{"id":2239,"href":"https:\/\/elconquistadorredloslagos.cl\/test\/wp-json\/wp\/v2\/posts\/2236\/revisions\/2239"}],"wp:featuredmedia":[{"embeddable":true,"href":"https:\/\/elconquistadorredloslagos.cl\/test\/wp-json\/wp\/v2\/media\/2238"}],"wp:attachment":[{"href":"https:\/\/elconquistadorredloslagos.cl\/test\/wp-json\/wp\/v2\/media?parent=2236"}],"wp:term":[{"taxonomy":"category","embeddable":true,"href":"https:\/\/elconquistadorredloslagos.cl\/test\/wp-json\/wp\/v2\/categories?post=2236"},{"taxonomy":"post_tag","embeddable":true,"href":"https:\/\/elconquistadorredloslagos.cl\/test\/wp-json\/wp\/v2\/tags?post=2236"}],"curies":[{"name":"wp","href":"https:\/\/api.w.org\/{rel}","templated":true}]}}