{"id":2233,"date":"2024-08-20T12:33:43","date_gmt":"2024-08-20T16:33:43","guid":{"rendered":"https:\/\/elconquistadorredloslagos.cl\/test\/?p=2233"},"modified":"2024-08-20T12:33:44","modified_gmt":"2024-08-20T16:33:44","slug":"emiten-advertencia-por-intermedio-de-la-alerta-temprana-preventiva-en-los-lagos","status":"publish","type":"post","link":"https:\/\/elconquistadorredloslagos.cl\/test\/blog\/2024\/08\/20\/emiten-advertencia-por-intermedio-de-la-alerta-temprana-preventiva-en-los-lagos\/","title":{"rendered":"Emiten advertencia por intermedio de la Alerta Temprana Preventiva en Los Lagos"},"content":{"rendered":"\n<p>Ante la presencia de heladas en diversas zonas de la regi\u00f3n de Los Lagos, principalmente en cordillera y pre cordillera, el Servicio Nacional de Prevenci\u00f3n y Respuesta ante Desastres (Senapred) emiti\u00f3 una advertencia, por intermedio de la Alerta Temprana Preventiva.<\/p>\n\n\n\n<p>Esta alerta, en coordinaci\u00f3n con la Delegaci\u00f3n Presidencial Regional, tiene como objetivo reforzar la vigilancia y preparar a la poblaci\u00f3n para hacer frente a posibles situaciones de emergencia.<\/p>\n\n\n\n<p>El director regional Alejandro Verg\u00e9s indic\u00f3 que hay dos alertas vigentes de estas caracter\u00edsticas en la zona. A partir de estas condiciones clim\u00e1ticas el director regional entreg\u00f3 recomendaciones a la poblaci\u00f3n llamando a la precauci\u00f3n para evitar correr riesgos.<\/p>\n\n\n\n<p>La Alerta Temprana Preventiva permanecer\u00e1 vigente hasta que las condiciones lo ameriten por lo que es crucial que la poblaci\u00f3n est\u00e9 atenta a las actualizaciones y siga las recomendaciones proporcionadas para garantizar su seguridad y bienestar durante este per\u00edodo de intensas heladas.<\/p>\n","protected":false},"excerpt":{"rendered":"<p>Ante la presencia de heladas en diversas zonas de la regi\u00f3n de Los Lagos, principalmente en cordillera y pre cordillera, el Servicio Nacional de Prevenci\u00f3n y Respuesta ante Desastres (Senapred)..<\/p>\n","protected":false},"author":2,"featured_media":2234,"comment_status":"open","ping_status":"open","sticky":false,"template":"","format":"standard","meta":{"footnotes":""},"categories":[28],"tags":[],"class_list":["post-2233","post","type-post","status-publish","format-standard","has-post-thumbnail","hentry","category-actual"],"rttpg_featured_image_url":{"full":["https:\/\/elconquistadorredloslagos.cl\/test\/wp-content\/uploads\/2024\/08\/WhatsApp-Image-2024-07-04-at-10.25.36-scaled.jpeg",2560,1440,false],"landscape":["https:\/\/elconquistadorredloslagos.cl\/test\/wp-content\/uploads\/2024\/08\/WhatsApp-Image-2024-07-04-at-10.25.36-scaled.jpeg",2560,1440,false],"portraits":["https:\/\/elconquistadorredloslagos.cl\/test\/wp-content\/uploads\/2024\/08\/WhatsApp-Image-2024-07-04-at-10.25.36-scaled.jpeg",2560,1440,false],"thumbnail":["https:\/\/elconquistadorredloslagos.cl\/test\/wp-content\/uploads\/2024\/08\/WhatsApp-Image-2024-07-04-at-10.25.36-150x150.jpeg",150,150,true],"medium":["https:\/\/elconquistadorredloslagos.cl\/test\/wp-content\/uploads\/2024\/08\/WhatsApp-Image-2024-07-04-at-10.25.36-300x169.jpeg",300,169,true],"large":["https:\/\/elconquistadorredloslagos.cl\/test\/wp-content\/uploads\/2024\/08\/WhatsApp-Image-2024-07-04-at-10.25.36-1024x576.jpeg",1024,576,true],"1536x1536":["https:\/\/elconquistadorredloslagos.cl\/test\/wp-content\/uploads\/2024\/08\/WhatsApp-Image-2024-07-04-at-10.25.36-1536x864.jpeg",1536,864,true],"2048x2048":["https:\/\/elconquistadorredloslagos.cl\/test\/wp-content\/uploads\/2024\/08\/WhatsApp-Image-2024-07-04-at-10.25.36-2048x1152.jpeg",2048,1152,true]},"rttpg_author":{"display_name":"ccardenas","author_link":"https:\/\/elconquistadorredloslagos.cl\/test\/blog\/author\/ccardenas\/"},"rttpg_comment":1,"rttpg_category":"<a href=\"https:\/\/elconquistadorredloslagos.cl\/test\/blog\/category\/actual\/\" rel=\"category tag\">Actualidad<\/a>","rttpg_excerpt":"Ante la presencia de heladas en diversas zonas de la regi\u00f3n de Los Lagos, principalmente en cordillera y pre cordillera, el Servicio Nacional de Prevenci\u00f3n y Respuesta ante Desastres (Senapred)..","_links":{"self":[{"href":"https:\/\/elconquistadorredloslagos.cl\/test\/wp-json\/wp\/v2\/posts\/2233","targetHints":{"allow":["GET"]}}],"collection":[{"href":"https:\/\/elconquistadorredloslagos.cl\/test\/wp-json\/wp\/v2\/posts"}],"about":[{"href":"https:\/\/elconquistadorredloslagos.cl\/test\/wp-json\/wp\/v2\/types\/post"}],"author":[{"embeddable":true,"href":"https:\/\/elconquistadorredloslagos.cl\/test\/wp-json\/wp\/v2\/users\/2"}],"replies":[{"embeddable":true,"href":"https:\/\/elconquistadorredloslagos.cl\/test\/wp-json\/wp\/v2\/comments?post=2233"}],"version-history":[{"count":1,"href":"https:\/\/elconquistadorredloslagos.cl\/test\/wp-json\/wp\/v2\/posts\/2233\/revisions"}],"predecessor-version":[{"id":2235,"href":"https:\/\/elconquistadorredloslagos.cl\/test\/wp-json\/wp\/v2\/posts\/2233\/revisions\/2235"}],"wp:featuredmedia":[{"embeddable":true,"href":"https:\/\/elconquistadorredloslagos.cl\/test\/wp-json\/wp\/v2\/media\/2234"}],"wp:attachment":[{"href":"https:\/\/elconquistadorredloslagos.cl\/test\/wp-json\/wp\/v2\/media?parent=2233"}],"wp:term":[{"taxonomy":"category","embeddable":true,"href":"https:\/\/elconquistadorredloslagos.cl\/test\/wp-json\/wp\/v2\/categories?post=2233"},{"taxonomy":"post_tag","embeddable":true,"href":"https:\/\/elconquistadorredloslagos.cl\/test\/wp-json\/wp\/v2\/tags?post=2233"}],"curies":[{"name":"wp","href":"https:\/\/api.w.org\/{rel}","templated":true}]}}