{"id":2227,"date":"2024-08-20T10:51:06","date_gmt":"2024-08-20T14:51:06","guid":{"rendered":"https:\/\/elconquistadorredloslagos.cl\/test\/?p=2227"},"modified":"2024-08-20T10:51:06","modified_gmt":"2024-08-20T14:51:06","slug":"c-d-pumas-de-contuy-en-queilen-contaran-con-nuevas-galerias-en-su-cancha-de-futbol","status":"publish","type":"post","link":"https:\/\/elconquistadorredloslagos.cl\/test\/blog\/2024\/08\/20\/c-d-pumas-de-contuy-en-queilen-contaran-con-nuevas-galerias-en-su-cancha-de-futbol\/","title":{"rendered":"C.D. Pumas de Contuy en Queilen contar\u00e1n con nuevas galer\u00edas en su cancha de f\u00fatbol"},"content":{"rendered":"\n<p>Finalmente las nuevas galer\u00edas para la cancha de f\u00fatbol del Club Deportivo Pumas, del sector rural de Contuy en la comuna de Queilen ser\u00e1n una realidad.<\/p>\n\n\n\n<p>Esto porque en las \u00faltimas horas la Subsecretar\u00eda de Desarrollo Regional (Subdere) aprob\u00f3 un total de 83 millones 146 mil 626 pesos, para la construcci\u00f3n de estas nuevas estructuras en dicho recinto. Lo anterior fue destacado por el alcalde queilino, Marcos Vargas (DC) quien valor\u00f3 el trabajo que se ha venido realizando por a\u00f1os, para hacer realidad este anhelo de la comunidad.<\/p>\n\n\n\n<p>\u201cEstamos como municipalidad muy contentos, muy alegres, muy satisfechos porque en tiempo r\u00e9cord -en dos meses- solamente pudimos tener este proyecto listo, que nos solicit\u00f3 en su momento en una reuni\u00f3n en el sector de Contuy, la directiva, los socios, socias, jugadores y la comunidad del sector de que adhiere al Club Deportivo Pumas\u201d<\/p>\n\n\n\n<p>Sum\u00f3 el jefe comunal que \u201clos profesionales de la municipalidad hicieron un gran trabajo, en dos meses pudieron levantar este proyecto, desarrollarlo y presentarlo como municipalidad a la Subdere, al Programa de Mejoramiento Urbano (PMU) donde se nos asignaron hace poquito a trav\u00e9s de la resoluci\u00f3n respectiva, m\u00e1s de 83 millones de pesos para llevar adelante este anhelo, este sue\u00f1o que ten\u00eda este club deportivo rural\u201d, precis\u00f3. &nbsp;<\/p>\n","protected":false},"excerpt":{"rendered":"<p>Finalmente las nuevas galer\u00edas para la cancha de f\u00fatbol del Club Deportivo Pumas, del sector rural de Contuy en la comuna de Queilen ser\u00e1n una realidad. Esto porque en las..<\/p>\n","protected":false},"author":2,"featured_media":2228,"comment_status":"open","ping_status":"open","sticky":false,"template":"","format":"standard","meta":{"footnotes":""},"categories":[28,26],"tags":[],"class_list":["post-2227","post","type-post","status-publish","format-standard","has-post-thumbnail","hentry","category-actual","category-comunidad"],"rttpg_featured_image_url":{"full":["https:\/\/elconquistadorredloslagos.cl\/test\/wp-content\/uploads\/2024\/08\/A1.jpg",366,184,false],"landscape":["https:\/\/elconquistadorredloslagos.cl\/test\/wp-content\/uploads\/2024\/08\/A1.jpg",366,184,false],"portraits":["https:\/\/elconquistadorredloslagos.cl\/test\/wp-content\/uploads\/2024\/08\/A1.jpg",366,184,false],"thumbnail":["https:\/\/elconquistadorredloslagos.cl\/test\/wp-content\/uploads\/2024\/08\/A1-150x150.jpg",150,150,true],"medium":["https:\/\/elconquistadorredloslagos.cl\/test\/wp-content\/uploads\/2024\/08\/A1-300x151.jpg",300,151,true],"large":["https:\/\/elconquistadorredloslagos.cl\/test\/wp-content\/uploads\/2024\/08\/A1.jpg",366,184,false],"1536x1536":["https:\/\/elconquistadorredloslagos.cl\/test\/wp-content\/uploads\/2024\/08\/A1.jpg",366,184,false],"2048x2048":["https:\/\/elconquistadorredloslagos.cl\/test\/wp-content\/uploads\/2024\/08\/A1.jpg",366,184,false]},"rttpg_author":{"display_name":"ccardenas","author_link":"https:\/\/elconquistadorredloslagos.cl\/test\/blog\/author\/ccardenas\/"},"rttpg_comment":1,"rttpg_category":"<a href=\"https:\/\/elconquistadorredloslagos.cl\/test\/blog\/category\/actual\/\" rel=\"category tag\">Actualidad<\/a> <a href=\"https:\/\/elconquistadorredloslagos.cl\/test\/blog\/category\/comunidad\/\" rel=\"category tag\">Comunidad<\/a>","rttpg_excerpt":"Finalmente las nuevas galer\u00edas para la cancha de f\u00fatbol del Club Deportivo Pumas, del sector rural de Contuy en la comuna de Queilen ser\u00e1n una realidad. Esto porque en las..","_links":{"self":[{"href":"https:\/\/elconquistadorredloslagos.cl\/test\/wp-json\/wp\/v2\/posts\/2227","targetHints":{"allow":["GET"]}}],"collection":[{"href":"https:\/\/elconquistadorredloslagos.cl\/test\/wp-json\/wp\/v2\/posts"}],"about":[{"href":"https:\/\/elconquistadorredloslagos.cl\/test\/wp-json\/wp\/v2\/types\/post"}],"author":[{"embeddable":true,"href":"https:\/\/elconquistadorredloslagos.cl\/test\/wp-json\/wp\/v2\/users\/2"}],"replies":[{"embeddable":true,"href":"https:\/\/elconquistadorredloslagos.cl\/test\/wp-json\/wp\/v2\/comments?post=2227"}],"version-history":[{"count":1,"href":"https:\/\/elconquistadorredloslagos.cl\/test\/wp-json\/wp\/v2\/posts\/2227\/revisions"}],"predecessor-version":[{"id":2229,"href":"https:\/\/elconquistadorredloslagos.cl\/test\/wp-json\/wp\/v2\/posts\/2227\/revisions\/2229"}],"wp:featuredmedia":[{"embeddable":true,"href":"https:\/\/elconquistadorredloslagos.cl\/test\/wp-json\/wp\/v2\/media\/2228"}],"wp:attachment":[{"href":"https:\/\/elconquistadorredloslagos.cl\/test\/wp-json\/wp\/v2\/media?parent=2227"}],"wp:term":[{"taxonomy":"category","embeddable":true,"href":"https:\/\/elconquistadorredloslagos.cl\/test\/wp-json\/wp\/v2\/categories?post=2227"},{"taxonomy":"post_tag","embeddable":true,"href":"https:\/\/elconquistadorredloslagos.cl\/test\/wp-json\/wp\/v2\/tags?post=2227"}],"curies":[{"name":"wp","href":"https:\/\/api.w.org\/{rel}","templated":true}]}}