{"id":2193,"date":"2024-08-19T10:45:34","date_gmt":"2024-08-19T14:45:34","guid":{"rendered":"https:\/\/elconquistadorredloslagos.cl\/test\/?p=2193"},"modified":"2025-07-10T18:21:09","modified_gmt":"2025-07-10T22:21:09","slug":"madre-ancuditana-clama-por-justicia-por-fatal-atoprello-de-su-hija","status":"publish","type":"post","link":"https:\/\/elconquistadorredloslagos.cl\/test\/blog\/2024\/08\/19\/madre-ancuditana-clama-por-justicia-por-fatal-atoprello-de-su-hija\/","title":{"rendered":"Madre ancuditana clama por justicia por fatal atoprello de su hija"},"content":{"rendered":"\n<p>Aproximadamente un mes ha transcurrido desde los fatales acontecimientos que le costaron la vida a la joven ancuditana Paulina Fuentes de 28 a\u00f1os, quien dej\u00f3 de existir el pasado 16 de julio tras ser brutalmente atropellada por un veh\u00edculo particular mientras cruzaba un paso peatonal en Vitacura, Regi\u00f3n Metropolitana.<\/p>\n\n\n\n<p>Tras titularse como profesora de ingl\u00e9s en Temuco, Paulina se traslad\u00f3 hasta la capital del pa\u00eds para emprender nuevos desaf\u00edos. Entre sus labores estaba realizaci\u00f3n de clases de ingl\u00e9s justamente a dos alumnos permanentes que ten\u00eda en este edificio de la capitalina comuna, por ello habitualmente realizaba el trayecto hacia este lugar.<\/p>\n\n\n\n<p>\u00bfEl autor de los hechos? Se trata de Jos\u00e9 Colina Fuentes, un dermat\u00f3logo de nacionalidad venezolana que resid\u00eda en este edificio, quien de acuerdo al relato de testigos y evidencia de las c\u00e1maras de seguridad en la zona, no respet\u00f3 un disco pare ubicado en el ingreso y salida de un condominio en aquella avenida, vir\u00f3 a la izquierda e impact\u00f3 el cuerpo de Paulina, arrastr\u00e1ndola por cerca de ocho metros sin prestar ayuda.<\/p>\n\n\n\n<p>Lo anterior ha provocado la indignaci\u00f3n de la familia de Paulina y de la comunidad ancuditana en general, quienes exigen justicia ante las escasas sanciones asociadas a delitos de este tipo que arriesga el victimario, las cuales podr\u00edan ser muy bajas, no guardando relaci\u00f3n con el da\u00f1o que se ha provocado. El Tribunal orden\u00f3 al Ministerio P\u00fablico y a la defensa de Colina Flores un plazo de investigaci\u00f3n de 100 d\u00edas.<\/p>\n\n\n\n<p>Una situaci\u00f3n que para Soraya Villarroel, madre de la joven, no puede seguir ocurriendo en Chile. \u201cY que \u00e9l ande felizmente mientras a nosotros nos arruin\u00f3 la vida, nos quit\u00f3 nuestra hija\u201d.<\/p>\n\n\n\n<p>En torno a las aristas judiciales del caso, la progenitora explic\u00f3 que est\u00e1n a la espera de los resultados que pueda arrojar la querella.<\/p>\n\n\n\n<figure class=\"wp-block-audio\"><audio controls src=\"https:\/\/elconquistadorredloslagos.cl\/test\/wp-content\/uploads\/2024\/08\/SORAYA1.mp3\"><\/audio><\/figure>\n\n\n\n<p>Asimismo, Soraya se refiri\u00f3 al apoyo entregado por los vecinos de Ancud, y desde otros puntos del pa\u00eds.<\/p>\n\n\n\n<figure class=\"wp-block-audio\"><audio controls src=\"https:\/\/elconquistadorredloslagos.cl\/test\/wp-content\/uploads\/2024\/08\/SORAYA2.mp3\"><\/audio><\/figure>\n\n\n\n<p>El m\u00e9dico fue detenido y posteriormente dejado en libertad, con las medidas cautelares de firma mensual junto a la prohibici\u00f3n de salir del pa\u00eds. Asimismo se indic\u00f3 que en medio del proceso se conoci\u00f3 que el alcotest arroj\u00f3 resultados negativos, sin embargo no se practic\u00f3 ning\u00fan test para detectar presencia de drogas.<\/p>\n","protected":false},"excerpt":{"rendered":"<p>Aproximadamente un mes ha transcurrido desde los fatales acontecimientos que le costaron la vida a la joven ancuditana Paulina Fuentes de 28 a\u00f1os, quien dej\u00f3 de existir el pasado 16..<\/p>\n","protected":false},"author":2,"featured_media":2196,"comment_status":"open","ping_status":"open","sticky":false,"template":"","format":"standard","meta":{"footnotes":""},"categories":[28],"tags":[],"class_list":["post-2193","post","type-post","status-publish","format-standard","has-post-thumbnail","hentry","category-actual"],"rttpg_featured_image_url":{"full":["https:\/\/elconquistadorredloslagos.cl\/test\/wp-content\/uploads\/2024\/08\/WhatsApp-Image-2024-08-17-at-17.43.44.jpeg",750,1017,false],"landscape":["https:\/\/elconquistadorredloslagos.cl\/test\/wp-content\/uploads\/2024\/08\/WhatsApp-Image-2024-08-17-at-17.43.44.jpeg",750,1017,false],"portraits":["https:\/\/elconquistadorredloslagos.cl\/test\/wp-content\/uploads\/2024\/08\/WhatsApp-Image-2024-08-17-at-17.43.44.jpeg",750,1017,false],"thumbnail":["https:\/\/elconquistadorredloslagos.cl\/test\/wp-content\/uploads\/2024\/08\/WhatsApp-Image-2024-08-17-at-17.43.44-150x150.jpeg",150,150,true],"medium":["https:\/\/elconquistadorredloslagos.cl\/test\/wp-content\/uploads\/2024\/08\/WhatsApp-Image-2024-08-17-at-17.43.44-221x300.jpeg",221,300,true],"large":["https:\/\/elconquistadorredloslagos.cl\/test\/wp-content\/uploads\/2024\/08\/WhatsApp-Image-2024-08-17-at-17.43.44.jpeg",750,1017,false],"1536x1536":["https:\/\/elconquistadorredloslagos.cl\/test\/wp-content\/uploads\/2024\/08\/WhatsApp-Image-2024-08-17-at-17.43.44.jpeg",750,1017,false],"2048x2048":["https:\/\/elconquistadorredloslagos.cl\/test\/wp-content\/uploads\/2024\/08\/WhatsApp-Image-2024-08-17-at-17.43.44.jpeg",750,1017,false]},"rttpg_author":{"display_name":"ccardenas","author_link":"https:\/\/elconquistadorredloslagos.cl\/test\/blog\/author\/ccardenas\/"},"rttpg_comment":0,"rttpg_category":"<a href=\"https:\/\/elconquistadorredloslagos.cl\/test\/blog\/category\/actual\/\" rel=\"category tag\">Actualidad<\/a>","rttpg_excerpt":"Aproximadamente un mes ha transcurrido desde los fatales acontecimientos que le costaron la vida a la joven ancuditana Paulina Fuentes de 28 a\u00f1os, quien dej\u00f3 de existir el pasado 16..","_links":{"self":[{"href":"https:\/\/elconquistadorredloslagos.cl\/test\/wp-json\/wp\/v2\/posts\/2193","targetHints":{"allow":["GET"]}}],"collection":[{"href":"https:\/\/elconquistadorredloslagos.cl\/test\/wp-json\/wp\/v2\/posts"}],"about":[{"href":"https:\/\/elconquistadorredloslagos.cl\/test\/wp-json\/wp\/v2\/types\/post"}],"author":[{"embeddable":true,"href":"https:\/\/elconquistadorredloslagos.cl\/test\/wp-json\/wp\/v2\/users\/2"}],"replies":[{"embeddable":true,"href":"https:\/\/elconquistadorredloslagos.cl\/test\/wp-json\/wp\/v2\/comments?post=2193"}],"version-history":[{"count":2,"href":"https:\/\/elconquistadorredloslagos.cl\/test\/wp-json\/wp\/v2\/posts\/2193\/revisions"}],"predecessor-version":[{"id":12225,"href":"https:\/\/elconquistadorredloslagos.cl\/test\/wp-json\/wp\/v2\/posts\/2193\/revisions\/12225"}],"wp:featuredmedia":[{"embeddable":true,"href":"https:\/\/elconquistadorredloslagos.cl\/test\/wp-json\/wp\/v2\/media\/2196"}],"wp:attachment":[{"href":"https:\/\/elconquistadorredloslagos.cl\/test\/wp-json\/wp\/v2\/media?parent=2193"}],"wp:term":[{"taxonomy":"category","embeddable":true,"href":"https:\/\/elconquistadorredloslagos.cl\/test\/wp-json\/wp\/v2\/categories?post=2193"},{"taxonomy":"post_tag","embeddable":true,"href":"https:\/\/elconquistadorredloslagos.cl\/test\/wp-json\/wp\/v2\/tags?post=2193"}],"curies":[{"name":"wp","href":"https:\/\/api.w.org\/{rel}","templated":true}]}}