{"id":20921,"date":"2026-04-30T11:52:36","date_gmt":"2026-04-30T15:52:36","guid":{"rendered":"https:\/\/elconquistadorredloslagos.cl\/test\/?p=20921"},"modified":"2026-04-30T11:52:36","modified_gmt":"2026-04-30T15:52:36","slug":"alumnos-del-liceo-futaleufu-se-movilizan-por-graves-problemas-sanitarios-y-de-seguridad","status":"publish","type":"post","link":"https:\/\/elconquistadorredloslagos.cl\/test\/blog\/2026\/04\/30\/alumnos-del-liceo-futaleufu-se-movilizan-por-graves-problemas-sanitarios-y-de-seguridad\/","title":{"rendered":"Alumnos del Liceo Futaleuf\u00fa se movilizan por graves problemas sanitarios y de seguridad"},"content":{"rendered":"\n<p>Una toma iniciaron estudiantes del Liceo Futaleuf\u00fa durante la jornada de este jueves, en protesta por una serie de deficiencias que afectan al establecimiento, entre ellas la presencia de roedores, falta de servicios higi\u00e9nicos y denuncias por amenazas.<\/p>\n\n\n\n<p>Uno de los hechos m\u00e1s cr\u00edticos corresponde al hallazgo de fecas de rat\u00f3n en bodegas de almacenamiento de alimentos, situaci\u00f3n que oblig\u00f3 a suspender la entrega de colaciones. Esta medida impacta especialmente a alumnos provenientes de sectores rurales, quienes dependen de este beneficio durante la jornada escolar.<\/p>\n\n\n\n<p>A ello se suma la falta de ba\u00f1os operativos para estudiantes de ense\u00f1anza b\u00e1sica, debido a trabajos de mantenci\u00f3n que presentan retrasos, lo que ha generado malestar en la comunidad educativa.<\/p>\n\n\n\n<p>Adem\u00e1s, los j\u00f3venes acusaron la existencia de rayados con amenazas de tiroteos al interior del recinto, asegurando que estos hechos no han sido abordados con la urgencia necesaria.<\/p>\n\n\n\n<p>Frente a este escenario, los estudiantes decidieron ocupar el establecimiento para visibilizar sus demandas y exigir soluciones concretas a las autoridades.<\/p>\n\n\n\n<p>\ud83d\udcf7 Cedida<\/p>\n","protected":false},"excerpt":{"rendered":"<p>Una toma iniciaron estudiantes del Liceo Futaleuf\u00fa durante la jornada de este jueves, en protesta por una serie de deficiencias que afectan al establecimiento, entre ellas la presencia de roedores,..<\/p>\n","protected":false},"author":2,"featured_media":20922,"comment_status":"closed","ping_status":"open","sticky":false,"template":"","format":"standard","meta":{"footnotes":""},"categories":[1,28],"tags":[],"class_list":["post-20921","post","type-post","status-publish","format-standard","has-post-thumbnail","hentry","category-acontecer","category-actual"],"rttpg_featured_image_url":{"full":["https:\/\/elconquistadorredloslagos.cl\/test\/wp-content\/uploads\/2026\/04\/Diseno-sin-titulo-4-13.jpg",1920,1080,false],"landscape":["https:\/\/elconquistadorredloslagos.cl\/test\/wp-content\/uploads\/2026\/04\/Diseno-sin-titulo-4-13.jpg",1920,1080,false],"portraits":["https:\/\/elconquistadorredloslagos.cl\/test\/wp-content\/uploads\/2026\/04\/Diseno-sin-titulo-4-13.jpg",1920,1080,false],"thumbnail":["https:\/\/elconquistadorredloslagos.cl\/test\/wp-content\/uploads\/2026\/04\/Diseno-sin-titulo-4-13-150x150.jpg",150,150,true],"medium":["https:\/\/elconquistadorredloslagos.cl\/test\/wp-content\/uploads\/2026\/04\/Diseno-sin-titulo-4-13-300x169.jpg",300,169,true],"large":["https:\/\/elconquistadorredloslagos.cl\/test\/wp-content\/uploads\/2026\/04\/Diseno-sin-titulo-4-13-1024x576.jpg",1024,576,true],"1536x1536":["https:\/\/elconquistadorredloslagos.cl\/test\/wp-content\/uploads\/2026\/04\/Diseno-sin-titulo-4-13-1536x864.jpg",1536,864,true],"2048x2048":["https:\/\/elconquistadorredloslagos.cl\/test\/wp-content\/uploads\/2026\/04\/Diseno-sin-titulo-4-13.jpg",1920,1080,false]},"rttpg_author":{"display_name":"ccardenas","author_link":"https:\/\/elconquistadorredloslagos.cl\/test\/blog\/author\/ccardenas\/"},"rttpg_comment":0,"rttpg_category":"<a href=\"https:\/\/elconquistadorredloslagos.cl\/test\/blog\/category\/actual\/acontecer\/\" rel=\"category tag\">Acontecer<\/a> <a href=\"https:\/\/elconquistadorredloslagos.cl\/test\/blog\/category\/actual\/\" rel=\"category tag\">Actualidad<\/a>","rttpg_excerpt":"Una toma iniciaron estudiantes del Liceo Futaleuf\u00fa durante la jornada de este jueves, en protesta por una serie de deficiencias que afectan al establecimiento, entre ellas la presencia de roedores,..","_links":{"self":[{"href":"https:\/\/elconquistadorredloslagos.cl\/test\/wp-json\/wp\/v2\/posts\/20921","targetHints":{"allow":["GET"]}}],"collection":[{"href":"https:\/\/elconquistadorredloslagos.cl\/test\/wp-json\/wp\/v2\/posts"}],"about":[{"href":"https:\/\/elconquistadorredloslagos.cl\/test\/wp-json\/wp\/v2\/types\/post"}],"author":[{"embeddable":true,"href":"https:\/\/elconquistadorredloslagos.cl\/test\/wp-json\/wp\/v2\/users\/2"}],"replies":[{"embeddable":true,"href":"https:\/\/elconquistadorredloslagos.cl\/test\/wp-json\/wp\/v2\/comments?post=20921"}],"version-history":[{"count":1,"href":"https:\/\/elconquistadorredloslagos.cl\/test\/wp-json\/wp\/v2\/posts\/20921\/revisions"}],"predecessor-version":[{"id":20923,"href":"https:\/\/elconquistadorredloslagos.cl\/test\/wp-json\/wp\/v2\/posts\/20921\/revisions\/20923"}],"wp:featuredmedia":[{"embeddable":true,"href":"https:\/\/elconquistadorredloslagos.cl\/test\/wp-json\/wp\/v2\/media\/20922"}],"wp:attachment":[{"href":"https:\/\/elconquistadorredloslagos.cl\/test\/wp-json\/wp\/v2\/media?parent=20921"}],"wp:term":[{"taxonomy":"category","embeddable":true,"href":"https:\/\/elconquistadorredloslagos.cl\/test\/wp-json\/wp\/v2\/categories?post=20921"},{"taxonomy":"post_tag","embeddable":true,"href":"https:\/\/elconquistadorredloslagos.cl\/test\/wp-json\/wp\/v2\/tags?post=20921"}],"curies":[{"name":"wp","href":"https:\/\/api.w.org\/{rel}","templated":true}]}}