{"id":20904,"date":"2026-04-30T11:31:24","date_gmt":"2026-04-30T15:31:24","guid":{"rendered":"https:\/\/elconquistadorredloslagos.cl\/test\/?p=20904"},"modified":"2026-04-30T11:31:25","modified_gmt":"2026-04-30T15:31:25","slug":"dalcahue-firmo-convenio-con-coaniquem-marcando-foco-en-prevencion-y-adultos-mayores","status":"publish","type":"post","link":"https:\/\/elconquistadorredloslagos.cl\/test\/blog\/2026\/04\/30\/dalcahue-firmo-convenio-con-coaniquem-marcando-foco-en-prevencion-y-adultos-mayores\/","title":{"rendered":"Dalcahue firm\u00f3 convenio con COANIQUEM marcando foco en prevenci\u00f3n y adultos mayores"},"content":{"rendered":"\n<p>La municipalidad de Dalcahue, encabezada por la alcaldesa Alejandra Villegas, concret\u00f3 la firma de un relevante convenio de colaboraci\u00f3n con COANIQUEM, instituci\u00f3n reconocida por su labor en la rehabilitaci\u00f3n integral de ni\u00f1os, ni\u00f1as y adolescentes con quemaduras.<\/p>\n\n\n\n<p>El acuerdo fue suscrito junto a Paz Reinoso, coordinadora regional de COANIQUEM, y permitir\u00e1 fortalecer el trabajo conjunto en materias de difusi\u00f3n, capacitaci\u00f3n y derivaci\u00f3n oportuna de pacientes pedi\u00e1tricos que requieran atenci\u00f3n especializada. Esta alianza tambi\u00e9n incorpora un fuerte componente preventivo, orientado a comunidades educativas, equipos de salud y especialmente a los adultos mayores, quienes cumplen un rol clave en el cuidado de ni\u00f1os.<\/p>\n\n\n\n<p>En la reuni\u00f3n participaron adem\u00e1s Claudia B\u00f3rquez, directora de Desarrollo Comunitario; Marcela Staforelli, jefa del Departamento de Desarrollo Local; y Daniel C\u00e1rdenas, director del Cesfam de Dalcahue, consolidando una instancia de trabajo intersectorial para fortalecer la red de salud comunal.<\/p>\n\n\n\n<p>Este convenio permitir\u00e1 mejorar el acceso temprano a tratamientos especializados y avanzar en la formaci\u00f3n de funcionarios de salud, con especial \u00e9nfasis en sectores rurales, donde la prevenci\u00f3n y la informaci\u00f3n oportuna son fundamentales para evitar accidentes dom\u00e9sticos, especialmente quemaduras.<\/p>\n\n\n\n<p>La alcaldesa Alejandra Villegas relev\u00f3 el impacto de esta iniciativa, destacando el enfoque integral de su gesti\u00f3n: <\/p>\n\n\n\n<figure class=\"wp-block-audio\"><audio controls src=\"https:\/\/elconquistadorredloslagos.cl\/test\/wp-content\/uploads\/2026\/04\/ALCALDESA-COANIQUEM.mp3\"><\/audio><\/figure>\n\n\n\n<p>Por su parte, Paz Reinoso, coordinadora regional de COANIQUEM, valor\u00f3 el convenio y su proyecci\u00f3n en el territorio.<\/p>\n\n\n\n<figure class=\"wp-block-audio\"><audio controls src=\"https:\/\/elconquistadorredloslagos.cl\/test\/wp-content\/uploads\/2026\/04\/PAZ-REINOSO-COORD-REGIONAL-COANIQUEM.mp3\"><\/audio><\/figure>\n\n\n\n<p>Con este paso, la municipalidad de Dalcahue consolida una l\u00ednea de trabajo centrada en la prevenci\u00f3n, la educaci\u00f3n y la articulaci\u00f3n con instituciones especializadas, fortaleciendo una red de apoyo concreta para las familias y avanzando decididamente hacia una mejor calidad de vida para toda la comuna, con especial preocupaci\u00f3n por sus adultos mayores y por el bienestar de las futuras generaciones.<\/p>\n\n\n\n<figure class=\"wp-block-image size-large\"><img loading=\"lazy\" decoding=\"async\" width=\"1024\" height=\"682\" src=\"https:\/\/elconquistadorredloslagos.cl\/test\/wp-content\/uploads\/2026\/04\/PORTADA-1024x682.jpeg\" alt=\"\" class=\"wp-image-20907\" \/><\/figure>\n","protected":false},"excerpt":{"rendered":"<p>La municipalidad de Dalcahue, encabezada por la alcaldesa Alejandra Villegas, concret\u00f3 la firma de un relevante convenio de colaboraci\u00f3n con COANIQUEM, instituci\u00f3n reconocida por su labor en la rehabilitaci\u00f3n integral..<\/p>\n","protected":false},"author":2,"featured_media":20908,"comment_status":"closed","ping_status":"open","sticky":false,"template":"","format":"standard","meta":{"footnotes":""},"categories":[1,28,51],"tags":[],"class_list":["post-20904","post","type-post","status-publish","format-standard","has-post-thumbnail","hentry","category-acontecer","category-actual","category-chiloe"],"rttpg_featured_image_url":{"full":["https:\/\/elconquistadorredloslagos.cl\/test\/wp-content\/uploads\/2026\/04\/Diseno-sin-titulo-68.jpg",1920,1080,false],"landscape":["https:\/\/elconquistadorredloslagos.cl\/test\/wp-content\/uploads\/2026\/04\/Diseno-sin-titulo-68.jpg",1920,1080,false],"portraits":["https:\/\/elconquistadorredloslagos.cl\/test\/wp-content\/uploads\/2026\/04\/Diseno-sin-titulo-68.jpg",1920,1080,false],"thumbnail":["https:\/\/elconquistadorredloslagos.cl\/test\/wp-content\/uploads\/2026\/04\/Diseno-sin-titulo-68-150x150.jpg",150,150,true],"medium":["https:\/\/elconquistadorredloslagos.cl\/test\/wp-content\/uploads\/2026\/04\/Diseno-sin-titulo-68-300x169.jpg",300,169,true],"large":["https:\/\/elconquistadorredloslagos.cl\/test\/wp-content\/uploads\/2026\/04\/Diseno-sin-titulo-68-1024x576.jpg",1024,576,true],"1536x1536":["https:\/\/elconquistadorredloslagos.cl\/test\/wp-content\/uploads\/2026\/04\/Diseno-sin-titulo-68-1536x864.jpg",1536,864,true],"2048x2048":["https:\/\/elconquistadorredloslagos.cl\/test\/wp-content\/uploads\/2026\/04\/Diseno-sin-titulo-68.jpg",1920,1080,false]},"rttpg_author":{"display_name":"ccardenas","author_link":"https:\/\/elconquistadorredloslagos.cl\/test\/blog\/author\/ccardenas\/"},"rttpg_comment":0,"rttpg_category":"<a href=\"https:\/\/elconquistadorredloslagos.cl\/test\/blog\/category\/actual\/acontecer\/\" rel=\"category tag\">Acontecer<\/a> <a href=\"https:\/\/elconquistadorredloslagos.cl\/test\/blog\/category\/actual\/\" rel=\"category tag\">Actualidad<\/a> <a href=\"https:\/\/elconquistadorredloslagos.cl\/test\/blog\/category\/chile\/chiloe\/\" rel=\"category tag\">Chilo\u00e9<\/a>","rttpg_excerpt":"La municipalidad de Dalcahue, encabezada por la alcaldesa Alejandra Villegas, concret\u00f3 la firma de un relevante convenio de colaboraci\u00f3n con COANIQUEM, instituci\u00f3n reconocida por su labor en la rehabilitaci\u00f3n integral..","_links":{"self":[{"href":"https:\/\/elconquistadorredloslagos.cl\/test\/wp-json\/wp\/v2\/posts\/20904","targetHints":{"allow":["GET"]}}],"collection":[{"href":"https:\/\/elconquistadorredloslagos.cl\/test\/wp-json\/wp\/v2\/posts"}],"about":[{"href":"https:\/\/elconquistadorredloslagos.cl\/test\/wp-json\/wp\/v2\/types\/post"}],"author":[{"embeddable":true,"href":"https:\/\/elconquistadorredloslagos.cl\/test\/wp-json\/wp\/v2\/users\/2"}],"replies":[{"embeddable":true,"href":"https:\/\/elconquistadorredloslagos.cl\/test\/wp-json\/wp\/v2\/comments?post=20904"}],"version-history":[{"count":1,"href":"https:\/\/elconquistadorredloslagos.cl\/test\/wp-json\/wp\/v2\/posts\/20904\/revisions"}],"predecessor-version":[{"id":20909,"href":"https:\/\/elconquistadorredloslagos.cl\/test\/wp-json\/wp\/v2\/posts\/20904\/revisions\/20909"}],"wp:featuredmedia":[{"embeddable":true,"href":"https:\/\/elconquistadorredloslagos.cl\/test\/wp-json\/wp\/v2\/media\/20908"}],"wp:attachment":[{"href":"https:\/\/elconquistadorredloslagos.cl\/test\/wp-json\/wp\/v2\/media?parent=20904"}],"wp:term":[{"taxonomy":"category","embeddable":true,"href":"https:\/\/elconquistadorredloslagos.cl\/test\/wp-json\/wp\/v2\/categories?post=20904"},{"taxonomy":"post_tag","embeddable":true,"href":"https:\/\/elconquistadorredloslagos.cl\/test\/wp-json\/wp\/v2\/tags?post=20904"}],"curies":[{"name":"wp","href":"https:\/\/api.w.org\/{rel}","templated":true}]}}