{"id":20901,"date":"2026-04-30T11:28:18","date_gmt":"2026-04-30T15:28:18","guid":{"rendered":"https:\/\/elconquistadorredloslagos.cl\/test\/?p=20901"},"modified":"2026-04-30T11:28:19","modified_gmt":"2026-04-30T15:28:19","slug":"reflote-del-konimo-i-sera-clave-para-aclarar-tragedia-en-reloncavi","status":"publish","type":"post","link":"https:\/\/elconquistadorredloslagos.cl\/test\/blog\/2026\/04\/30\/reflote-del-konimo-i-sera-clave-para-aclarar-tragedia-en-reloncavi\/","title":{"rendered":"Reflote del Ko\u00f1im\u00f3 I ser\u00e1 clave para aclarar tragedia en Reloncav\u00ed"},"content":{"rendered":"\n<p>La empresa Salmones Austral confirm\u00f3 que se har\u00e1 cargo del reflotamiento del buque Ko\u00f1im\u00f3 I, siniestrado en enero en el Estuario de Reloncav\u00ed, tragedia que dej\u00f3 seis trabajadores fallecidos. La informaci\u00f3n fue entregada por la fiscal regional (s) Mar\u00eda Ang\u00e9lica de Miguel tras reunirse con familiares de las v\u00edctimas, quienes se manifestaron exigiendo avances en la causa.<\/p>\n\n\n\n<p>Seg\u00fan explic\u00f3 la persecutora, la medida resulta fundamental para el desarrollo de peritajes que permitan esclarecer las causas del hundimiento. Asimismo, precis\u00f3 que la nave deber\u00e1 ser recuperada sin da\u00f1os para asegurar la efectividad de las diligencias investigativas.<\/p>\n\n\n\n<p>La fiscal indic\u00f3 que ya se hab\u00eda otorgado un plazo al armador para concretar estas labores, las que no prosperaron pese a gestiones previas realizadas con apoyo de la Armada. En paralelo, confirm\u00f3 que la Brigada de Homicidios de la PDI realiz\u00f3 allanamientos a dependencias vinculadas a la embarcaci\u00f3n y a otra empresa en Puerto Montt, incautando equipos electr\u00f3nicos que ser\u00e1n analizados por el Laboratorio de Criminal\u00edstica.<\/p>\n\n\n\n<p>La investigaci\u00f3n se sustenta en querellas por cuasidelito de homicidio y busca determinar las responsabilidades detr\u00e1s del accidente. En esa l\u00ednea, De Miguel se\u00f1al\u00f3 que no se descarta ninguna hip\u00f3tesis hasta contar con los resultados periciales.<\/p>\n\n\n\n<p>Tambi\u00e9n destac\u00f3 que los dos sobrevivientes del naufragio han sido considerados testigos clave desde el inicio del proceso. Mientras tanto, familiares de las v\u00edctimas mantienen sus demandas de justicia y mayor claridad sobre lo ocurrido.<\/p>\n\n\n\n<p><img loading=\"lazy\" decoding=\"async\" height=\"16\" width=\"16\" alt=\"\ud83d\udcf7\" src=\"https:\/\/static.xx.fbcdn.net\/images\/emoji.php\/v9\/t5d\/1\/16\/1f4f7.png\"> Redes Sociales<\/p>\n\n\n\n<p><\/p>\n","protected":false},"excerpt":{"rendered":"<p>La empresa Salmones Austral confirm\u00f3 que se har\u00e1 cargo del reflotamiento del buque Ko\u00f1im\u00f3 I, siniestrado en enero en el Estuario de Reloncav\u00ed, tragedia que dej\u00f3 seis trabajadores fallecidos. La..<\/p>\n","protected":false},"author":2,"featured_media":20902,"comment_status":"closed","ping_status":"open","sticky":false,"template":"","format":"standard","meta":{"footnotes":""},"categories":[1,28,56],"tags":[],"class_list":["post-20901","post","type-post","status-publish","format-standard","has-post-thumbnail","hentry","category-acontecer","category-actual","category-puerto-montt"],"rttpg_featured_image_url":{"full":["https:\/\/elconquistadorredloslagos.cl\/test\/wp-content\/uploads\/2026\/04\/Diseno-sin-titulo-3-14.jpg",1920,1080,false],"landscape":["https:\/\/elconquistadorredloslagos.cl\/test\/wp-content\/uploads\/2026\/04\/Diseno-sin-titulo-3-14.jpg",1920,1080,false],"portraits":["https:\/\/elconquistadorredloslagos.cl\/test\/wp-content\/uploads\/2026\/04\/Diseno-sin-titulo-3-14.jpg",1920,1080,false],"thumbnail":["https:\/\/elconquistadorredloslagos.cl\/test\/wp-content\/uploads\/2026\/04\/Diseno-sin-titulo-3-14-150x150.jpg",150,150,true],"medium":["https:\/\/elconquistadorredloslagos.cl\/test\/wp-content\/uploads\/2026\/04\/Diseno-sin-titulo-3-14-300x169.jpg",300,169,true],"large":["https:\/\/elconquistadorredloslagos.cl\/test\/wp-content\/uploads\/2026\/04\/Diseno-sin-titulo-3-14-1024x576.jpg",1024,576,true],"1536x1536":["https:\/\/elconquistadorredloslagos.cl\/test\/wp-content\/uploads\/2026\/04\/Diseno-sin-titulo-3-14-1536x864.jpg",1536,864,true],"2048x2048":["https:\/\/elconquistadorredloslagos.cl\/test\/wp-content\/uploads\/2026\/04\/Diseno-sin-titulo-3-14.jpg",1920,1080,false]},"rttpg_author":{"display_name":"ccardenas","author_link":"https:\/\/elconquistadorredloslagos.cl\/test\/blog\/author\/ccardenas\/"},"rttpg_comment":0,"rttpg_category":"<a href=\"https:\/\/elconquistadorredloslagos.cl\/test\/blog\/category\/actual\/acontecer\/\" rel=\"category tag\">Acontecer<\/a> <a href=\"https:\/\/elconquistadorredloslagos.cl\/test\/blog\/category\/actual\/\" rel=\"category tag\">Actualidad<\/a> <a href=\"https:\/\/elconquistadorredloslagos.cl\/test\/blog\/category\/chile\/puerto-montt\/\" rel=\"category tag\">Puerto Montt<\/a>","rttpg_excerpt":"La empresa Salmones Austral confirm\u00f3 que se har\u00e1 cargo del reflotamiento del buque Ko\u00f1im\u00f3 I, siniestrado en enero en el Estuario de Reloncav\u00ed, tragedia que dej\u00f3 seis trabajadores fallecidos. La..","_links":{"self":[{"href":"https:\/\/elconquistadorredloslagos.cl\/test\/wp-json\/wp\/v2\/posts\/20901","targetHints":{"allow":["GET"]}}],"collection":[{"href":"https:\/\/elconquistadorredloslagos.cl\/test\/wp-json\/wp\/v2\/posts"}],"about":[{"href":"https:\/\/elconquistadorredloslagos.cl\/test\/wp-json\/wp\/v2\/types\/post"}],"author":[{"embeddable":true,"href":"https:\/\/elconquistadorredloslagos.cl\/test\/wp-json\/wp\/v2\/users\/2"}],"replies":[{"embeddable":true,"href":"https:\/\/elconquistadorredloslagos.cl\/test\/wp-json\/wp\/v2\/comments?post=20901"}],"version-history":[{"count":1,"href":"https:\/\/elconquistadorredloslagos.cl\/test\/wp-json\/wp\/v2\/posts\/20901\/revisions"}],"predecessor-version":[{"id":20903,"href":"https:\/\/elconquistadorredloslagos.cl\/test\/wp-json\/wp\/v2\/posts\/20901\/revisions\/20903"}],"wp:featuredmedia":[{"embeddable":true,"href":"https:\/\/elconquistadorredloslagos.cl\/test\/wp-json\/wp\/v2\/media\/20902"}],"wp:attachment":[{"href":"https:\/\/elconquistadorredloslagos.cl\/test\/wp-json\/wp\/v2\/media?parent=20901"}],"wp:term":[{"taxonomy":"category","embeddable":true,"href":"https:\/\/elconquistadorredloslagos.cl\/test\/wp-json\/wp\/v2\/categories?post=20901"},{"taxonomy":"post_tag","embeddable":true,"href":"https:\/\/elconquistadorredloslagos.cl\/test\/wp-json\/wp\/v2\/tags?post=20901"}],"curies":[{"name":"wp","href":"https:\/\/api.w.org\/{rel}","templated":true}]}}