{"id":20898,"date":"2026-04-30T11:18:25","date_gmt":"2026-04-30T15:18:25","guid":{"rendered":"https:\/\/elconquistadorredloslagos.cl\/test\/?p=20898"},"modified":"2026-04-30T11:18:26","modified_gmt":"2026-04-30T15:18:26","slug":"aumenta-el-desempleo-en-los-lagos-y-alcanza-66-en-el-primer-trimestre","status":"publish","type":"post","link":"https:\/\/elconquistadorredloslagos.cl\/test\/blog\/2026\/04\/30\/aumenta-el-desempleo-en-los-lagos-y-alcanza-66-en-el-primer-trimestre\/","title":{"rendered":"Aumenta el desempleo en Los Lagos y alcanza 6,6% en el primer trimestre"},"content":{"rendered":"\n<p>La desocupaci\u00f3n en la Regi\u00f3n de Los Lagos lleg\u00f3 a 6,6% durante el trimestre m\u00f3vil enero-marzo de 2026, seg\u00fan la Encuesta Nacional de Empleo del INE. El indicador subi\u00f3 0,7 puntos respecto al periodo anterior y 1,3 en comparaci\u00f3n anual, impulsado por el crecimiento de la fuerza laboral (1,5%) frente a un estancamiento en la cantidad de ocupados.<\/p>\n\n\n\n<p>En ese contexto, el n\u00famero de personas sin trabajo se increment\u00f3 28,2% en doce meses. Las tasas de participaci\u00f3n y ocupaci\u00f3n se ubicaron en 58,0% y 54,1%, con leves variaciones, mientras que la poblaci\u00f3n fuera de la fuerza laboral creci\u00f3 0,2%, influida por quienes est\u00e1n disponibles para trabajar.<\/p>\n\n\n\n<p>La situaci\u00f3n afecta con mayor intensidad a las mujeres, cuya tasa de desempleo alcanz\u00f3 8,6%, aumentando 3,4 puntos en un a\u00f1o. En contraste, los hombres registraron un 5,1%, con una leve baja.<\/p>\n\n\n\n<p>A nivel sectorial, la estabilidad del empleo se explica por ca\u00eddas en \u00e1reas como administraci\u00f3n p\u00fablica y agricultura y pesca, compensadas por avances en salud y en servicios de alojamiento y comidas. En cuanto a categor\u00edas, bajaron los asalariados formales, mientras aumentaron los trabajadores por cuenta propia.<\/p>\n\n\n\n<p>La informalidad se situ\u00f3 en 28,1%, con una leve disminuci\u00f3n anual. Sin embargo, esta baja se concentr\u00f3 en los hombres, ya que en las mujeres se observ\u00f3 un aumento.<\/p>\n\n\n\n<p>Finalmente, la tasa ampliada de desocupaci\u00f3n lleg\u00f3 a 17,1%, evidenciando una brecha de g\u00e9nero de 5,3 puntos, con mayor impacto en la poblaci\u00f3n femenina.<\/p>\n\n\n\n<p>\ud83d\udcf7 Referencial<\/p>\n","protected":false},"excerpt":{"rendered":"<p>La desocupaci\u00f3n en la Regi\u00f3n de Los Lagos lleg\u00f3 a 6,6% durante el trimestre m\u00f3vil enero-marzo de 2026, seg\u00fan la Encuesta Nacional de Empleo del INE. El indicador subi\u00f3 0,7..<\/p>\n","protected":false},"author":2,"featured_media":20899,"comment_status":"closed","ping_status":"open","sticky":false,"template":"","format":"standard","meta":{"footnotes":""},"categories":[1,28,51,54,55,56],"tags":[],"class_list":["post-20898","post","type-post","status-publish","format-standard","has-post-thumbnail","hentry","category-acontecer","category-actual","category-chiloe","category-lago-llanquihue","category-osorno","category-puerto-montt"],"rttpg_featured_image_url":{"full":["https:\/\/elconquistadorredloslagos.cl\/test\/wp-content\/uploads\/2026\/04\/Diseno-sin-titulo-2-23.jpg",1920,1080,false],"landscape":["https:\/\/elconquistadorredloslagos.cl\/test\/wp-content\/uploads\/2026\/04\/Diseno-sin-titulo-2-23.jpg",1920,1080,false],"portraits":["https:\/\/elconquistadorredloslagos.cl\/test\/wp-content\/uploads\/2026\/04\/Diseno-sin-titulo-2-23.jpg",1920,1080,false],"thumbnail":["https:\/\/elconquistadorredloslagos.cl\/test\/wp-content\/uploads\/2026\/04\/Diseno-sin-titulo-2-23-150x150.jpg",150,150,true],"medium":["https:\/\/elconquistadorredloslagos.cl\/test\/wp-content\/uploads\/2026\/04\/Diseno-sin-titulo-2-23-300x169.jpg",300,169,true],"large":["https:\/\/elconquistadorredloslagos.cl\/test\/wp-content\/uploads\/2026\/04\/Diseno-sin-titulo-2-23-1024x576.jpg",1024,576,true],"1536x1536":["https:\/\/elconquistadorredloslagos.cl\/test\/wp-content\/uploads\/2026\/04\/Diseno-sin-titulo-2-23-1536x864.jpg",1536,864,true],"2048x2048":["https:\/\/elconquistadorredloslagos.cl\/test\/wp-content\/uploads\/2026\/04\/Diseno-sin-titulo-2-23.jpg",1920,1080,false]},"rttpg_author":{"display_name":"ccardenas","author_link":"https:\/\/elconquistadorredloslagos.cl\/test\/blog\/author\/ccardenas\/"},"rttpg_comment":0,"rttpg_category":"<a href=\"https:\/\/elconquistadorredloslagos.cl\/test\/blog\/category\/actual\/acontecer\/\" rel=\"category tag\">Acontecer<\/a> <a href=\"https:\/\/elconquistadorredloslagos.cl\/test\/blog\/category\/actual\/\" rel=\"category tag\">Actualidad<\/a> <a href=\"https:\/\/elconquistadorredloslagos.cl\/test\/blog\/category\/chile\/chiloe\/\" rel=\"category tag\">Chilo\u00e9<\/a> <a href=\"https:\/\/elconquistadorredloslagos.cl\/test\/blog\/category\/chile\/lago-llanquihue\/\" rel=\"category tag\">Lago LLanquihue<\/a> <a href=\"https:\/\/elconquistadorredloslagos.cl\/test\/blog\/category\/chile\/osorno\/\" rel=\"category tag\">Osorno<\/a> <a href=\"https:\/\/elconquistadorredloslagos.cl\/test\/blog\/category\/chile\/puerto-montt\/\" rel=\"category tag\">Puerto Montt<\/a>","rttpg_excerpt":"La desocupaci\u00f3n en la Regi\u00f3n de Los Lagos lleg\u00f3 a 6,6% durante el trimestre m\u00f3vil enero-marzo de 2026, seg\u00fan la Encuesta Nacional de Empleo del INE. El indicador subi\u00f3 0,7..","_links":{"self":[{"href":"https:\/\/elconquistadorredloslagos.cl\/test\/wp-json\/wp\/v2\/posts\/20898","targetHints":{"allow":["GET"]}}],"collection":[{"href":"https:\/\/elconquistadorredloslagos.cl\/test\/wp-json\/wp\/v2\/posts"}],"about":[{"href":"https:\/\/elconquistadorredloslagos.cl\/test\/wp-json\/wp\/v2\/types\/post"}],"author":[{"embeddable":true,"href":"https:\/\/elconquistadorredloslagos.cl\/test\/wp-json\/wp\/v2\/users\/2"}],"replies":[{"embeddable":true,"href":"https:\/\/elconquistadorredloslagos.cl\/test\/wp-json\/wp\/v2\/comments?post=20898"}],"version-history":[{"count":1,"href":"https:\/\/elconquistadorredloslagos.cl\/test\/wp-json\/wp\/v2\/posts\/20898\/revisions"}],"predecessor-version":[{"id":20900,"href":"https:\/\/elconquistadorredloslagos.cl\/test\/wp-json\/wp\/v2\/posts\/20898\/revisions\/20900"}],"wp:featuredmedia":[{"embeddable":true,"href":"https:\/\/elconquistadorredloslagos.cl\/test\/wp-json\/wp\/v2\/media\/20899"}],"wp:attachment":[{"href":"https:\/\/elconquistadorredloslagos.cl\/test\/wp-json\/wp\/v2\/media?parent=20898"}],"wp:term":[{"taxonomy":"category","embeddable":true,"href":"https:\/\/elconquistadorredloslagos.cl\/test\/wp-json\/wp\/v2\/categories?post=20898"},{"taxonomy":"post_tag","embeddable":true,"href":"https:\/\/elconquistadorredloslagos.cl\/test\/wp-json\/wp\/v2\/tags?post=20898"}],"curies":[{"name":"wp","href":"https:\/\/api.w.org\/{rel}","templated":true}]}}