{"id":20895,"date":"2026-04-30T11:16:18","date_gmt":"2026-04-30T15:16:18","guid":{"rendered":"https:\/\/elconquistadorredloslagos.cl\/test\/?p=20895"},"modified":"2026-04-30T11:16:19","modified_gmt":"2026-04-30T15:16:19","slug":"grave-accidente-laboral-deja-a-trabajador-atrapado-bajo-bus-en-frutillar","status":"publish","type":"post","link":"https:\/\/elconquistadorredloslagos.cl\/test\/blog\/2026\/04\/30\/grave-accidente-laboral-deja-a-trabajador-atrapado-bajo-bus-en-frutillar\/","title":{"rendered":"Grave accidente laboral deja a trabajador atrapado bajo bus en Frutillar"},"content":{"rendered":"\n<p>Un complejo accidente se registr\u00f3 en un taller de buses en Frutillar, donde un trabajador de 50 a\u00f1os result\u00f3 lesionado tras quedar atrapado bajo una m\u00e1quina mientras realizaba labores de mantenci\u00f3n. El hecho ocurri\u00f3 la noche del lunes 27 de abril en dependencias de la empresa Thaebus.<\/p>\n\n\n\n<p>De acuerdo a los antecedentes, el operario de nacionalidad venezolana trabajaba bajo la estructura del veh\u00edculo, cuando este cedi\u00f3 por causas que est\u00e1n siendo investigadas, provocando lesiones por aplastamiento. La emergencia activ\u00f3 un amplio operativo de rescate.<\/p>\n\n\n\n<p>Hasta el lugar acudieron voluntarios de la Primera y Segunda Compa\u00f1\u00eda de Bomberos, junto a personal del SAMU. Seg\u00fan explic\u00f3 el segundo comandante, Luis Tenorio, la r\u00e1pida reacci\u00f3n de los compa\u00f1eros fue clave para liberar al afectado, mientras los equipos de emergencia se enfocaron en estabilizarlo antes de su traslado.<\/p>\n\n\n\n<p>El alcalde Javier Arismendi tambi\u00e9n lleg\u00f3 al sitio del suceso y se\u00f1al\u00f3 que el trabajador se encontraba consciente, manifestando preocupaci\u00f3n por su evoluci\u00f3n m\u00e9dica.<\/p>\n\n\n\n<p>Desde el \u00e1mbito pol\u00edtico, el senador Fidel Espinoza cuestion\u00f3 las condiciones de seguridad en las empresas, advirtiendo un aumento de accidentes laborales en la regi\u00f3n. En tanto, el seremi del Trabajo, Jorge Moreno, confirm\u00f3 la activaci\u00f3n de fiscalizaciones para determinar responsabilidades y esclarecer lo ocurrido.<\/p>\n\n\n\n<p>Este caso se suma a otro incidente reciente, elevando la preocupaci\u00f3n por la seguridad laboral en la zona.<\/p>\n\n\n\n<p>\ud83d\udcf7 Referencial<\/p>\n","protected":false},"excerpt":{"rendered":"<p>Un complejo accidente se registr\u00f3 en un taller de buses en Frutillar, donde un trabajador de 50 a\u00f1os result\u00f3 lesionado tras quedar atrapado bajo una m\u00e1quina mientras realizaba labores de..<\/p>\n","protected":false},"author":2,"featured_media":20896,"comment_status":"closed","ping_status":"open","sticky":false,"template":"","format":"standard","meta":{"footnotes":""},"categories":[1,28,62],"tags":[],"class_list":["post-20895","post","type-post","status-publish","format-standard","has-post-thumbnail","hentry","category-acontecer","category-actual","category-frutillar"],"rttpg_featured_image_url":{"full":["https:\/\/elconquistadorredloslagos.cl\/test\/wp-content\/uploads\/2026\/04\/Diseno-sin-titulo-1-41.jpg",1920,1080,false],"landscape":["https:\/\/elconquistadorredloslagos.cl\/test\/wp-content\/uploads\/2026\/04\/Diseno-sin-titulo-1-41.jpg",1920,1080,false],"portraits":["https:\/\/elconquistadorredloslagos.cl\/test\/wp-content\/uploads\/2026\/04\/Diseno-sin-titulo-1-41.jpg",1920,1080,false],"thumbnail":["https:\/\/elconquistadorredloslagos.cl\/test\/wp-content\/uploads\/2026\/04\/Diseno-sin-titulo-1-41-150x150.jpg",150,150,true],"medium":["https:\/\/elconquistadorredloslagos.cl\/test\/wp-content\/uploads\/2026\/04\/Diseno-sin-titulo-1-41-300x169.jpg",300,169,true],"large":["https:\/\/elconquistadorredloslagos.cl\/test\/wp-content\/uploads\/2026\/04\/Diseno-sin-titulo-1-41-1024x576.jpg",1024,576,true],"1536x1536":["https:\/\/elconquistadorredloslagos.cl\/test\/wp-content\/uploads\/2026\/04\/Diseno-sin-titulo-1-41-1536x864.jpg",1536,864,true],"2048x2048":["https:\/\/elconquistadorredloslagos.cl\/test\/wp-content\/uploads\/2026\/04\/Diseno-sin-titulo-1-41.jpg",1920,1080,false]},"rttpg_author":{"display_name":"ccardenas","author_link":"https:\/\/elconquistadorredloslagos.cl\/test\/blog\/author\/ccardenas\/"},"rttpg_comment":0,"rttpg_category":"<a href=\"https:\/\/elconquistadorredloslagos.cl\/test\/blog\/category\/actual\/acontecer\/\" rel=\"category tag\">Acontecer<\/a> <a href=\"https:\/\/elconquistadorredloslagos.cl\/test\/blog\/category\/actual\/\" rel=\"category tag\">Actualidad<\/a> <a href=\"https:\/\/elconquistadorredloslagos.cl\/test\/blog\/category\/frutillar\/\" rel=\"category tag\">Frutillar<\/a>","rttpg_excerpt":"Un complejo accidente se registr\u00f3 en un taller de buses en Frutillar, donde un trabajador de 50 a\u00f1os result\u00f3 lesionado tras quedar atrapado bajo una m\u00e1quina mientras realizaba labores de..","_links":{"self":[{"href":"https:\/\/elconquistadorredloslagos.cl\/test\/wp-json\/wp\/v2\/posts\/20895","targetHints":{"allow":["GET"]}}],"collection":[{"href":"https:\/\/elconquistadorredloslagos.cl\/test\/wp-json\/wp\/v2\/posts"}],"about":[{"href":"https:\/\/elconquistadorredloslagos.cl\/test\/wp-json\/wp\/v2\/types\/post"}],"author":[{"embeddable":true,"href":"https:\/\/elconquistadorredloslagos.cl\/test\/wp-json\/wp\/v2\/users\/2"}],"replies":[{"embeddable":true,"href":"https:\/\/elconquistadorredloslagos.cl\/test\/wp-json\/wp\/v2\/comments?post=20895"}],"version-history":[{"count":1,"href":"https:\/\/elconquistadorredloslagos.cl\/test\/wp-json\/wp\/v2\/posts\/20895\/revisions"}],"predecessor-version":[{"id":20897,"href":"https:\/\/elconquistadorredloslagos.cl\/test\/wp-json\/wp\/v2\/posts\/20895\/revisions\/20897"}],"wp:featuredmedia":[{"embeddable":true,"href":"https:\/\/elconquistadorredloslagos.cl\/test\/wp-json\/wp\/v2\/media\/20896"}],"wp:attachment":[{"href":"https:\/\/elconquistadorredloslagos.cl\/test\/wp-json\/wp\/v2\/media?parent=20895"}],"wp:term":[{"taxonomy":"category","embeddable":true,"href":"https:\/\/elconquistadorredloslagos.cl\/test\/wp-json\/wp\/v2\/categories?post=20895"},{"taxonomy":"post_tag","embeddable":true,"href":"https:\/\/elconquistadorredloslagos.cl\/test\/wp-json\/wp\/v2\/tags?post=20895"}],"curies":[{"name":"wp","href":"https:\/\/api.w.org\/{rel}","templated":true}]}}