{"id":20888,"date":"2026-04-30T10:46:43","date_gmt":"2026-04-30T14:46:43","guid":{"rendered":"https:\/\/elconquistadorredloslagos.cl\/test\/?p=20888"},"modified":"2026-04-30T10:46:44","modified_gmt":"2026-04-30T14:46:44","slug":"chile-enfrenta-alza-sostenida-de-its-expertos-advierten-falla-en-la-prevencion-especialmente-en-jovenes","status":"publish","type":"post","link":"https:\/\/elconquistadorredloslagos.cl\/test\/blog\/2026\/04\/30\/chile-enfrenta-alza-sostenida-de-its-expertos-advierten-falla-en-la-prevencion-especialmente-en-jovenes\/","title":{"rendered":"Chile enfrenta alza sostenida de ITS: expertos advierten falla en la prevenci\u00f3n, especialmente en j\u00f3venes"},"content":{"rendered":"\n<p><em>Pese al mayor acceso a informaci\u00f3n, especialistas advierten una brecha entre conocimiento y conducta preventiva. J\u00f3venes entre 20 y 39 a\u00f1os concentran la mayor cantidad de casos.<\/em><\/p>\n\n\n\n<p>Por, Victoria Cancino, matrona de\u00a0<a href=\"https:\/\/news.lrmcomunicaciones.cl\/l\/LYmzg5aFSPnia892UpMysRYw\/aV981V892ynqVN3tYQDDtpFw\/EPo9VHgrZUMamVxrbm1WmA\">DKT Chile<\/a>.<\/p>\n\n\n\n<p>Chile enfrenta una paradoja en materia de salud sexual: hoy existe m\u00e1s acceso a informaci\u00f3n que nunca, pero las infecciones de transmisi\u00f3n sexual (ITS) contin\u00faan al alza. Entre 2017 y 2021, el pa\u00eds acumul\u00f3 m\u00e1s de 70 mil casos, mientras que solo en 2024 la gonorrea super\u00f3 los 2.200 contagios, con una mayor incidencia en personas j\u00f3venes.<\/p>\n\n\n\n<p>Para especialistas, esta situaci\u00f3n refleja una desconexi\u00f3n entre lo que se sabe y c\u00f3mo se act\u00faa. \u201cHoy tenemos m\u00e1s informaci\u00f3n disponible, pero no necesariamente es informaci\u00f3n \u00fatil para la prevenci\u00f3n. Sabemos que las ITS existen, pero no c\u00f3mo prevenirlas, cu\u00e1les son los signos de alerta o qu\u00e9 medidas concretas tomar\u201d, explica Victoria Cancino, matrona de&nbsp;<a href=\"https:\/\/news.lrmcomunicaciones.cl\/l\/LYmzg5aFSPnia892UpMysRYw\/aV981V892ynqVN3tYQDDtpFw\/EPo9VHgrZUMamVxrbm1WmA\">DKT Chile<\/a>.<\/p>\n\n\n\n<p><strong>Educaci\u00f3n centrada en el embarazo, no en la prevenci\u00f3n<\/strong><\/p>\n\n\n\n<p>Una de las principales razones detr\u00e1s de este fen\u00f3meno tiene relaci\u00f3n con el enfoque que han tenido hist\u00f3ricamente las pol\u00edticas p\u00fablicas en el pa\u00eds.<\/p>\n\n\n\n<p>\u201cDurante a\u00f1os, la educaci\u00f3n sexual en Chile estuvo centrada principalmente en prevenir el embarazo adolescente. Se habl\u00f3 mucho de anticoncepci\u00f3n, pero no de m\u00e9todos de barrera como el cond\u00f3n, que son clave para prevenir infecciones de transmisi\u00f3n sexual\u201d, se\u00f1ala Cancino.<\/p>\n\n\n\n<p>Este enfoque habr\u00eda dejado un vac\u00edo importante en la formaci\u00f3n preventiva, que hoy se refleja en el aumento sostenido de casos.<\/p>\n\n\n\n<p><strong>M\u00e1s casos\u2026 \u00bfo m\u00e1s detecci\u00f3n?<\/strong><\/p>\n\n\n\n<p>Otro factor relevante es el aumento en la capacidad de diagn\u00f3stico.<\/p>\n\n\n\n<p>\u201cHoy existe mayor acceso a ex\u00e1menes como test r\u00e1pidos de VIH o estudios de s\u00edfilis y hepatitis, lo que permite detectar m\u00e1s casos. Antes, muchas infecciones simplemente no se diagnosticaban\u201d, explica la especialista. Esto implica que parte del aumento podr\u00eda estar asociado a una mayor notificaci\u00f3n, aunque no descarta un crecimiento real de los contagios.<\/p>\n\n\n\n<p>El grupo m\u00e1s afectado por las ITS, se\u00f1ala la profesional, se concentra entre los 20 y 39 a\u00f1os, una etapa caracterizada por mayor actividad sexual y, muchas veces, menor percepci\u00f3n de riesgo.<\/p>\n\n\n\n<p>\u201cEs una etapa donde hay m\u00e1s relaciones sexuales, m\u00e1s parejas y, en muchos casos, menos acceso o uso de m\u00e9todos de protecci\u00f3n. Adem\u00e1s, hoy las relaciones estables se postergan, lo que tambi\u00e9n influye en la exposici\u00f3n\u201d, agrega Cancino.<\/p>\n\n\n\n<p>A esto se suman factores econ\u00f3micos y de acceso. Aunque los preservativos siguen disponibles en el sistema p\u00fablico, su obtenci\u00f3n no siempre es inmediata, lo que puede limitar su uso.<\/p>\n\n\n\n<p><strong>Mitos que persisten<\/strong><\/p>\n\n\n\n<p>Pese a la mayor visibilidad del tema, a\u00fan persisten ideas err\u00f3neas que dificultan la prevenci\u00f3n:<\/p>\n\n\n\n<ul class=\"wp-block-list\">\n<li>Que las ITS afectan solo a ciertos grupos<\/li>\n\n\n\n<li>Que son f\u00e1cilmente detectables a simple vista<\/li>\n\n\n\n<li>Que el riesgo es bajo en relaciones ocasionales<\/li>\n<\/ul>\n\n\n\n<p>\u201cTodav\u00eda hay muchos mitos. Las ITS no siempre presentan s\u00edntomas y pueden afectar a cualquier persona sexualmente activa\u201d, advierte Cancino. En Chile, las ITS presentan mayor concentraci\u00f3n en el norte del pa\u00eds, especialmente en zonas como Arica, Iquique y Tarapac\u00e1, donde factores como el comercio sexual influyen en las tasas de contagio.<\/p>\n\n\n\n<p>En cuanto a g\u00e9nero, los hombres concentran cerca del 80% de los casos de VIH y s\u00edfilis, y m\u00e1s del 50% del total de ITS. Desde DKT Chile advierten que el desaf\u00edo no est\u00e1 solo en informar, sino en educar con foco en prevenci\u00f3n efectiva.<\/p>\n\n\n\n<p>\u201cNecesitamos avanzar hacia una educaci\u00f3n sexual m\u00e1s integral, que no solo aborde el embarazo, sino tambi\u00e9n la prevenci\u00f3n de infecciones, el uso correcto del cond\u00f3n y la importancia de los controles de salud\u201d, concluye Cancino.<\/p>\n","protected":false},"excerpt":{"rendered":"<p>Pese al mayor acceso a informaci\u00f3n, especialistas advierten una brecha entre conocimiento y conducta preventiva. J\u00f3venes entre 20 y 39 a\u00f1os concentran la mayor cantidad de casos. Por, Victoria Cancino,..<\/p>\n","protected":false},"author":8,"featured_media":20889,"comment_status":"closed","ping_status":"open","sticky":false,"template":"","format":"standard","meta":{"footnotes":""},"categories":[30,52],"tags":[],"class_list":["post-20888","post","type-post","status-publish","format-standard","has-post-thumbnail","hentry","category-opinion","category-chile"],"rttpg_featured_image_url":{"full":["https:\/\/elconquistadorredloslagos.cl\/test\/wp-content\/uploads\/2026\/04\/dkt.jpg",509,339,false],"landscape":["https:\/\/elconquistadorredloslagos.cl\/test\/wp-content\/uploads\/2026\/04\/dkt.jpg",509,339,false],"portraits":["https:\/\/elconquistadorredloslagos.cl\/test\/wp-content\/uploads\/2026\/04\/dkt.jpg",509,339,false],"thumbnail":["https:\/\/elconquistadorredloslagos.cl\/test\/wp-content\/uploads\/2026\/04\/dkt-150x150.jpg",150,150,true],"medium":["https:\/\/elconquistadorredloslagos.cl\/test\/wp-content\/uploads\/2026\/04\/dkt-300x200.jpg",300,200,true],"large":["https:\/\/elconquistadorredloslagos.cl\/test\/wp-content\/uploads\/2026\/04\/dkt.jpg",509,339,false],"1536x1536":["https:\/\/elconquistadorredloslagos.cl\/test\/wp-content\/uploads\/2026\/04\/dkt.jpg",509,339,false],"2048x2048":["https:\/\/elconquistadorredloslagos.cl\/test\/wp-content\/uploads\/2026\/04\/dkt.jpg",509,339,false]},"rttpg_author":{"display_name":"cmansilla","author_link":"https:\/\/elconquistadorredloslagos.cl\/test\/blog\/author\/cmansilla\/"},"rttpg_comment":0,"rttpg_category":"<a href=\"https:\/\/elconquistadorredloslagos.cl\/test\/blog\/category\/opinion\/\" rel=\"category tag\">Columnas de Opini\u00f3n<\/a> <a href=\"https:\/\/elconquistadorredloslagos.cl\/test\/blog\/category\/chile\/\" rel=\"category tag\">Nacional<\/a>","rttpg_excerpt":"Pese al mayor acceso a informaci\u00f3n, especialistas advierten una brecha entre conocimiento y conducta preventiva. J\u00f3venes entre 20 y 39 a\u00f1os concentran la mayor cantidad de casos. Por, Victoria Cancino,..","_links":{"self":[{"href":"https:\/\/elconquistadorredloslagos.cl\/test\/wp-json\/wp\/v2\/posts\/20888","targetHints":{"allow":["GET"]}}],"collection":[{"href":"https:\/\/elconquistadorredloslagos.cl\/test\/wp-json\/wp\/v2\/posts"}],"about":[{"href":"https:\/\/elconquistadorredloslagos.cl\/test\/wp-json\/wp\/v2\/types\/post"}],"author":[{"embeddable":true,"href":"https:\/\/elconquistadorredloslagos.cl\/test\/wp-json\/wp\/v2\/users\/8"}],"replies":[{"embeddable":true,"href":"https:\/\/elconquistadorredloslagos.cl\/test\/wp-json\/wp\/v2\/comments?post=20888"}],"version-history":[{"count":1,"href":"https:\/\/elconquistadorredloslagos.cl\/test\/wp-json\/wp\/v2\/posts\/20888\/revisions"}],"predecessor-version":[{"id":20890,"href":"https:\/\/elconquistadorredloslagos.cl\/test\/wp-json\/wp\/v2\/posts\/20888\/revisions\/20890"}],"wp:featuredmedia":[{"embeddable":true,"href":"https:\/\/elconquistadorredloslagos.cl\/test\/wp-json\/wp\/v2\/media\/20889"}],"wp:attachment":[{"href":"https:\/\/elconquistadorredloslagos.cl\/test\/wp-json\/wp\/v2\/media?parent=20888"}],"wp:term":[{"taxonomy":"category","embeddable":true,"href":"https:\/\/elconquistadorredloslagos.cl\/test\/wp-json\/wp\/v2\/categories?post=20888"},{"taxonomy":"post_tag","embeddable":true,"href":"https:\/\/elconquistadorredloslagos.cl\/test\/wp-json\/wp\/v2\/tags?post=20888"}],"curies":[{"name":"wp","href":"https:\/\/api.w.org\/{rel}","templated":true}]}}