{"id":20880,"date":"2026-04-29T18:14:53","date_gmt":"2026-04-29T22:14:53","guid":{"rendered":"https:\/\/elconquistadorredloslagos.cl\/test\/?p=20880"},"modified":"2026-04-29T18:14:53","modified_gmt":"2026-04-29T22:14:53","slug":"servicio-salud-chiloe-comprometidos-con-la-salud-y-seguridad-de-sus-trabajadores","status":"publish","type":"post","link":"https:\/\/elconquistadorredloslagos.cl\/test\/blog\/2026\/04\/29\/servicio-salud-chiloe-comprometidos-con-la-salud-y-seguridad-de-sus-trabajadores\/","title":{"rendered":"Servicio Salud Chilo\u00e9 comprometidos con la Salud y Seguridad de sus Trabajadores"},"content":{"rendered":"\n<p>En el marco del D\u00eda Mundial de la Seguridad y la Salud en el Trabajo, que se conmemora cada 28 de abril, el servicio Salud Chilo\u00e9 a trav\u00e9s de su Director Francisco Camilo, realiz\u00f3 la firma protocolar de la actualizaci\u00f3n de la \u00abPol\u00edtica de Salud y Seguridad en el trabajo\u00bb donde se declara el compromiso de la instituci\u00f3n para promover la prevenci\u00f3n de accidentes del trabajo, enfermedades profesionales y sensibilizar a la comunidad funcionaria sobre la importancia de generar entornos laborales seguros y saludables, promoviendo la prevenci\u00f3n de riesgos y el cuidado integral de las personas trabajadoras.<\/p>\n\n\n\n<p>La Pol\u00edtica de seguridad y salud en el trabajo conforme a los lineamientos y normas fomenta una gesti\u00f3n preventiva de riesgos laborales. El proceso consider\u00f3 dos jornadas de trabajo multisectoriales en la que participaron los gremios, representantes de los comit\u00e9s paritarios, referentes de desarrollo de las personas, prevencionistas de riesgos y directivos de todos los establecimientos dependientes de la red.<\/p>\n\n\n\n<p>En la ocasi\u00f3n se revisaron los est\u00e1ndares normativos del Pa\u00eds, abordando tambi\u00e9n un diagn\u00f3stico respecto a la situaci\u00f3n local y definici\u00f3n de las l\u00edneas estrat\u00e9gicas de trabajo para desarrollar a corto plazo en la red, para as\u00ed analizar y proponer medidas de protecci\u00f3n y prevenci\u00f3n de accidentes laborales y enfermedades profesionales, cuidado de la salud mental, velando siempre a que los espacios sean seguros para quienes laboran.<\/p>\n\n\n\n<p>Durante la jornada,&nbsp; que reuni\u00f3 al Director del Servicio Salud Chilo\u00e9 Francisco Camilo, el Subdirector de Gesti\u00f3n y Desarrollo de las Personas, Cristian Mansilla,&nbsp; la jefa de calidad de Vida, Salud y Seguridad Laboral Evelyn Guti\u00e9rrez, jefaturas del \u00e1rea, representantes de gremios, funcionarias y funcionarios, quienes con satisfacci\u00f3n escucharon cada uno de los compromisos en esta pol\u00edtica, entendiendo que la instituci\u00f3n se compromete a promocionar condiciones de trabajo seguras y saludables para la prevenci\u00f3n de lesiones y deterioro de la salud, evaluar y controlar riesgos laborales, promover la consulta y participaci\u00f3n activa de las personas trabajadoras, fortalecer la gesti\u00f3n preventiva en los lugares de trabajo,&nbsp; la salud mental, la violencia, el acoso; la incorporaci\u00f3n de manera transversal del enfoque de g\u00e9nero e inclusi\u00f3n, la participaci\u00f3n y di\u00e1logo social&#8217; cumpliendo siempre con los requisitos legales vigentes, garantizando la asignaci\u00f3n del recurso humano, entre otras acciones que se trabajar\u00e1n de la mano con el organismo administrador (ACHS).<\/p>\n\n\n\n<figure class=\"wp-block-gallery has-nested-images columns-default is-cropped wp-block-gallery-1 is-layout-flex wp-block-gallery-is-layout-flex\">\n<figure class=\"wp-block-image size-large\"><img loading=\"lazy\" decoding=\"async\" width=\"1024\" height=\"683\" data-id=\"20885\" src=\"https:\/\/elconquistadorredloslagos.cl\/test\/wp-content\/uploads\/2026\/04\/6-1-1024x683.jpg\" alt=\"\" class=\"wp-image-20885\" \/><\/figure>\n\n\n\n<figure class=\"wp-block-image size-large\"><img loading=\"lazy\" decoding=\"async\" width=\"1024\" height=\"683\" data-id=\"20884\" src=\"https:\/\/elconquistadorredloslagos.cl\/test\/wp-content\/uploads\/2026\/04\/firma-de-convenio-1-1024x683.jpg\" alt=\"\" class=\"wp-image-20884\" \/><\/figure>\n\n\n\n<figure class=\"wp-block-image size-large\"><img loading=\"lazy\" decoding=\"async\" width=\"1024\" height=\"683\" data-id=\"20882\" src=\"https:\/\/elconquistadorredloslagos.cl\/test\/wp-content\/uploads\/2026\/04\/firma-de-convenio-ok-1024x683.jpg\" alt=\"\" class=\"wp-image-20882\" \/><\/figure>\n\n\n\n<figure class=\"wp-block-image size-large\"><img loading=\"lazy\" decoding=\"async\" width=\"1024\" height=\"683\" data-id=\"20883\" src=\"https:\/\/elconquistadorredloslagos.cl\/test\/wp-content\/uploads\/2026\/04\/firma-de-convenio-1024x683.jpg\" alt=\"\" class=\"wp-image-20883\" \/><\/figure>\n\n\n\n<figure class=\"wp-block-image size-large\"><img loading=\"lazy\" decoding=\"async\" width=\"1024\" height=\"473\" data-id=\"20886\" src=\"https:\/\/elconquistadorredloslagos.cl\/test\/wp-content\/uploads\/2026\/04\/foto-portada-seguridad-1024x473.jpg\" alt=\"\" class=\"wp-image-20886\" \/><\/figure>\n<\/figure>\n","protected":false},"excerpt":{"rendered":"<p>En el marco del D\u00eda Mundial de la Seguridad y la Salud en el Trabajo, que se conmemora cada 28 de abril, el servicio Salud Chilo\u00e9 a trav\u00e9s de su..<\/p>\n","protected":false},"author":2,"featured_media":20886,"comment_status":"closed","ping_status":"open","sticky":false,"template":"","format":"standard","meta":{"footnotes":""},"categories":[28],"tags":[],"class_list":["post-20880","post","type-post","status-publish","format-standard","has-post-thumbnail","hentry","category-actual"],"rttpg_featured_image_url":{"full":["https:\/\/elconquistadorredloslagos.cl\/test\/wp-content\/uploads\/2026\/04\/foto-portada-seguridad-scaled.jpg",2560,1183,false],"landscape":["https:\/\/elconquistadorredloslagos.cl\/test\/wp-content\/uploads\/2026\/04\/foto-portada-seguridad-scaled.jpg",2560,1183,false],"portraits":["https:\/\/elconquistadorredloslagos.cl\/test\/wp-content\/uploads\/2026\/04\/foto-portada-seguridad-scaled.jpg",2560,1183,false],"thumbnail":["https:\/\/elconquistadorredloslagos.cl\/test\/wp-content\/uploads\/2026\/04\/foto-portada-seguridad-150x150.jpg",150,150,true],"medium":["https:\/\/elconquistadorredloslagos.cl\/test\/wp-content\/uploads\/2026\/04\/foto-portada-seguridad-300x139.jpg",300,139,true],"large":["https:\/\/elconquistadorredloslagos.cl\/test\/wp-content\/uploads\/2026\/04\/foto-portada-seguridad-1024x473.jpg",1024,473,true],"1536x1536":["https:\/\/elconquistadorredloslagos.cl\/test\/wp-content\/uploads\/2026\/04\/foto-portada-seguridad-1536x710.jpg",1536,710,true],"2048x2048":["https:\/\/elconquistadorredloslagos.cl\/test\/wp-content\/uploads\/2026\/04\/foto-portada-seguridad-2048x946.jpg",2048,946,true]},"rttpg_author":{"display_name":"ccardenas","author_link":"https:\/\/elconquistadorredloslagos.cl\/test\/blog\/author\/ccardenas\/"},"rttpg_comment":0,"rttpg_category":"<a href=\"https:\/\/elconquistadorredloslagos.cl\/test\/blog\/category\/actual\/\" rel=\"category tag\">Actualidad<\/a>","rttpg_excerpt":"En el marco del D\u00eda Mundial de la Seguridad y la Salud en el Trabajo, que se conmemora cada 28 de abril, el servicio Salud Chilo\u00e9 a trav\u00e9s de su..","_links":{"self":[{"href":"https:\/\/elconquistadorredloslagos.cl\/test\/wp-json\/wp\/v2\/posts\/20880","targetHints":{"allow":["GET"]}}],"collection":[{"href":"https:\/\/elconquistadorredloslagos.cl\/test\/wp-json\/wp\/v2\/posts"}],"about":[{"href":"https:\/\/elconquistadorredloslagos.cl\/test\/wp-json\/wp\/v2\/types\/post"}],"author":[{"embeddable":true,"href":"https:\/\/elconquistadorredloslagos.cl\/test\/wp-json\/wp\/v2\/users\/2"}],"replies":[{"embeddable":true,"href":"https:\/\/elconquistadorredloslagos.cl\/test\/wp-json\/wp\/v2\/comments?post=20880"}],"version-history":[{"count":1,"href":"https:\/\/elconquistadorredloslagos.cl\/test\/wp-json\/wp\/v2\/posts\/20880\/revisions"}],"predecessor-version":[{"id":20887,"href":"https:\/\/elconquistadorredloslagos.cl\/test\/wp-json\/wp\/v2\/posts\/20880\/revisions\/20887"}],"wp:featuredmedia":[{"embeddable":true,"href":"https:\/\/elconquistadorredloslagos.cl\/test\/wp-json\/wp\/v2\/media\/20886"}],"wp:attachment":[{"href":"https:\/\/elconquistadorredloslagos.cl\/test\/wp-json\/wp\/v2\/media?parent=20880"}],"wp:term":[{"taxonomy":"category","embeddable":true,"href":"https:\/\/elconquistadorredloslagos.cl\/test\/wp-json\/wp\/v2\/categories?post=20880"},{"taxonomy":"post_tag","embeddable":true,"href":"https:\/\/elconquistadorredloslagos.cl\/test\/wp-json\/wp\/v2\/tags?post=20880"}],"curies":[{"name":"wp","href":"https:\/\/api.w.org\/{rel}","templated":true}]}}