{"id":20874,"date":"2026-04-29T17:48:37","date_gmt":"2026-04-29T21:48:37","guid":{"rendered":"https:\/\/elconquistadorredloslagos.cl\/test\/?p=20874"},"modified":"2026-04-29T17:48:37","modified_gmt":"2026-04-29T21:48:37","slug":"servicio-de-salud-chiloe-impulsa-iniciativa-unica-en-el-pais-y-certifica-a-21-establecimientos-con-sello-protege","status":"publish","type":"post","link":"https:\/\/elconquistadorredloslagos.cl\/test\/blog\/2026\/04\/29\/servicio-de-salud-chiloe-impulsa-iniciativa-unica-en-el-pais-y-certifica-a-21-establecimientos-con-sello-protege\/","title":{"rendered":"Servicio de Salud Chilo\u00e9 impulsa iniciativa \u00fanica en el pa\u00eds y certifica a 21 establecimientos con Sello Protege"},"content":{"rendered":"\n<p>21 establecimientos educacionales fueron reconocidos por la Red Protege, que lidera el Servicio de Salud Chilo\u00e9, por el compromiso activo con la promoci\u00f3n de derechos, prevenci\u00f3n de la violencia y generaci\u00f3n de entornos seguros para ni\u00f1os, ni\u00f1as, adolescentes y j\u00f3venes de Chilo\u00e9 con el Sello Protege.<\/p>\n\n\n\n<p>La Red Protege, es una iniciativa interinstitucional \u00fanica en el pa\u00eds con el claro objetivo de articular de manera efectiva a instituciones de salud, educaci\u00f3n, justicia y protecci\u00f3n especializada en torno a la protecci\u00f3n de la infancia.<\/p>\n\n\n\n<p>Durante la ceremonia realizada en Castro, el director (s) del Servicio de Salud Chilo\u00e9, Francisco Camilo D\u00edaz, destac\u00f3 el car\u00e1cter pionero de esta estrategia se\u00f1alando que: \u201cComo Servicio de Salud Chilo\u00e9 creemos firmemente que una infancia protegida es base de una sociedad sana. Por eso impulsamos la Red Protege y hoy reconocemos a establecimientos educacionales que han asumido este compromiso con convicci\u00f3n y responsabilidad. Esta experiencia demuestra que cuando las instituciones trabajan unidas, se pueden generar iniciativas innovadoras y \u00fanicas en beneficio de nuestros ni\u00f1os, ni\u00f1as, adolescentes y j\u00f3venes\u201d.<\/p>\n\n\n\n<p>Al respecto, la jueza del Juzgado de Familia de Castro y coordinadora de la Red Protege, Mar\u00eda Carolina Prieto, valor\u00f3 el impacto alcanzado en la provincia: <\/p>\n\n\n\n<figure class=\"wp-block-audio\"><audio controls src=\"https:\/\/elconquistadorredloslagos.cl\/test\/wp-content\/uploads\/2026\/04\/magistrada-prieto.mp3\"><\/audio><\/figure>\n\n\n\n<p>Desde el \u00e1mbito educativo, la directora del Liceo Bicentenario de Ancud, Marjorie Santib\u00e1\u00f1ez, enfatiz\u00f3 que este reconocimiento representa nuevos desaf\u00edos: <\/p>\n\n\n\n<figure class=\"wp-block-audio\"><audio controls src=\"https:\/\/elconquistadorredloslagos.cl\/test\/wp-content\/uploads\/2026\/04\/directora-Ancud.mp3\"><\/audio><\/figure>\n\n\n\n<p>En tanto, la directora del Liceo Polivalente de Ancud, Paola Marileo Hern\u00e1ndez, subray\u00f3 la importancia de mantener este trabajo en el tiempo: <\/p>\n\n\n\n<figure class=\"wp-block-audio\"><audio controls src=\"https:\/\/elconquistadorredloslagos.cl\/test\/wp-content\/uploads\/2026\/04\/directora-ancud-514-online-audio-converter.com_.mp3\"><\/audio><\/figure>\n\n\n\n<p>El Sello Protege, seg\u00fan lo explic\u00f3 la referente de Atenci\u00f3n a V\u00edctimas de Violencia&nbsp; Sexual y GES 86, fundadora y representante activa de la red protege del Servicio de Salud Chilo\u00e9, Paola C\u00e1rcamo, permite distinguir a establecimientos que participaron en procesos formativos especializados, que desarrollaron acciones concretas de promoci\u00f3n y prevenci\u00f3n en sus establecimientos, y asumieron compromisos de trabajo para el per\u00edodo 2026-2027: \u201cProteger la infancia tambi\u00e9n es hacer salud p\u00fablica, y que esta iniciativa \u00fanica en Chile demuestra que desde los territorios se puede aportar y&nbsp; construir alianzas, colaboraci\u00f3n interinstitucional activa, que finalmente este a disposici\u00f3n del bienestar de ni\u00f1os, ni\u00f1as, adolescentes y j\u00f3venes\u201d.<\/p>\n","protected":false},"excerpt":{"rendered":"<p>21 establecimientos educacionales fueron reconocidos por la Red Protege, que lidera el Servicio de Salud Chilo\u00e9, por el compromiso activo con la promoci\u00f3n de derechos, prevenci\u00f3n de la violencia y..<\/p>\n","protected":false},"author":2,"featured_media":20878,"comment_status":"closed","ping_status":"open","sticky":false,"template":"","format":"standard","meta":{"footnotes":""},"categories":[1,28,51],"tags":[],"class_list":["post-20874","post","type-post","status-publish","format-standard","has-post-thumbnail","hentry","category-acontecer","category-actual","category-chiloe"],"rttpg_featured_image_url":{"full":["https:\/\/elconquistadorredloslagos.cl\/test\/wp-content\/uploads\/2026\/04\/Diseno-sin-titulo-65.jpg",1920,1080,false],"landscape":["https:\/\/elconquistadorredloslagos.cl\/test\/wp-content\/uploads\/2026\/04\/Diseno-sin-titulo-65.jpg",1920,1080,false],"portraits":["https:\/\/elconquistadorredloslagos.cl\/test\/wp-content\/uploads\/2026\/04\/Diseno-sin-titulo-65.jpg",1920,1080,false],"thumbnail":["https:\/\/elconquistadorredloslagos.cl\/test\/wp-content\/uploads\/2026\/04\/Diseno-sin-titulo-65-150x150.jpg",150,150,true],"medium":["https:\/\/elconquistadorredloslagos.cl\/test\/wp-content\/uploads\/2026\/04\/Diseno-sin-titulo-65-300x169.jpg",300,169,true],"large":["https:\/\/elconquistadorredloslagos.cl\/test\/wp-content\/uploads\/2026\/04\/Diseno-sin-titulo-65-1024x576.jpg",1024,576,true],"1536x1536":["https:\/\/elconquistadorredloslagos.cl\/test\/wp-content\/uploads\/2026\/04\/Diseno-sin-titulo-65-1536x864.jpg",1536,864,true],"2048x2048":["https:\/\/elconquistadorredloslagos.cl\/test\/wp-content\/uploads\/2026\/04\/Diseno-sin-titulo-65.jpg",1920,1080,false]},"rttpg_author":{"display_name":"ccardenas","author_link":"https:\/\/elconquistadorredloslagos.cl\/test\/blog\/author\/ccardenas\/"},"rttpg_comment":0,"rttpg_category":"<a href=\"https:\/\/elconquistadorredloslagos.cl\/test\/blog\/category\/actual\/acontecer\/\" rel=\"category tag\">Acontecer<\/a> <a href=\"https:\/\/elconquistadorredloslagos.cl\/test\/blog\/category\/actual\/\" rel=\"category tag\">Actualidad<\/a> <a href=\"https:\/\/elconquistadorredloslagos.cl\/test\/blog\/category\/chile\/chiloe\/\" rel=\"category tag\">Chilo\u00e9<\/a>","rttpg_excerpt":"21 establecimientos educacionales fueron reconocidos por la Red Protege, que lidera el Servicio de Salud Chilo\u00e9, por el compromiso activo con la promoci\u00f3n de derechos, prevenci\u00f3n de la violencia y..","_links":{"self":[{"href":"https:\/\/elconquistadorredloslagos.cl\/test\/wp-json\/wp\/v2\/posts\/20874","targetHints":{"allow":["GET"]}}],"collection":[{"href":"https:\/\/elconquistadorredloslagos.cl\/test\/wp-json\/wp\/v2\/posts"}],"about":[{"href":"https:\/\/elconquistadorredloslagos.cl\/test\/wp-json\/wp\/v2\/types\/post"}],"author":[{"embeddable":true,"href":"https:\/\/elconquistadorredloslagos.cl\/test\/wp-json\/wp\/v2\/users\/2"}],"replies":[{"embeddable":true,"href":"https:\/\/elconquistadorredloslagos.cl\/test\/wp-json\/wp\/v2\/comments?post=20874"}],"version-history":[{"count":1,"href":"https:\/\/elconquistadorredloslagos.cl\/test\/wp-json\/wp\/v2\/posts\/20874\/revisions"}],"predecessor-version":[{"id":20879,"href":"https:\/\/elconquistadorredloslagos.cl\/test\/wp-json\/wp\/v2\/posts\/20874\/revisions\/20879"}],"wp:featuredmedia":[{"embeddable":true,"href":"https:\/\/elconquistadorredloslagos.cl\/test\/wp-json\/wp\/v2\/media\/20878"}],"wp:attachment":[{"href":"https:\/\/elconquistadorredloslagos.cl\/test\/wp-json\/wp\/v2\/media?parent=20874"}],"wp:term":[{"taxonomy":"category","embeddable":true,"href":"https:\/\/elconquistadorredloslagos.cl\/test\/wp-json\/wp\/v2\/categories?post=20874"},{"taxonomy":"post_tag","embeddable":true,"href":"https:\/\/elconquistadorredloslagos.cl\/test\/wp-json\/wp\/v2\/tags?post=20874"}],"curies":[{"name":"wp","href":"https:\/\/api.w.org\/{rel}","templated":true}]}}