{"id":20871,"date":"2026-04-29T13:40:00","date_gmt":"2026-04-29T17:40:00","guid":{"rendered":"https:\/\/elconquistadorredloslagos.cl\/test\/?p=20871"},"modified":"2026-04-29T13:40:01","modified_gmt":"2026-04-29T17:40:01","slug":"hospital-de-castro-intensifica-campana-de-vacunacion-ante-llegada-del-invierno","status":"publish","type":"post","link":"https:\/\/elconquistadorredloslagos.cl\/test\/blog\/2026\/04\/29\/hospital-de-castro-intensifica-campana-de-vacunacion-ante-llegada-del-invierno\/","title":{"rendered":"Hospital de Castro intensifica campa\u00f1a de vacunaci\u00f3n ante llegada del invierno"},"content":{"rendered":"\n<p>En el contexto de la Campa\u00f1a de Invierno 2026 y la Semana de la Vacunaci\u00f3n en las Am\u00e9ricas, el Hospital de Castro reiter\u00f3 el llamado a inmunizarse oportunamente frente a virus respiratorios, destacando que su vacunatorio permanece disponible para toda la comunidad.<\/p>\n\n\n\n<p>Bajo el lema \u201cTu decisi\u00f3n marca la diferencia\u201d, promovido por la OPS, se enfatiz\u00f3 la importancia de prevenir cuadros graves durante la temporada invernal. En Chilo\u00e9, la cobertura contra la influenza alcanza un 60%, superando el promedio nacional.<\/p>\n\n\n\n<p>El director del recinto, Cristian Quispe, valor\u00f3 que el personal ya registra un 86% de vacunaci\u00f3n e invit\u00f3 a la poblaci\u00f3n a acercarse. En tanto, el enfermero Luis Bustamante se\u00f1al\u00f3 que el vacunatorio funciona de lunes a viernes, con atenci\u00f3n en jornada de ma\u00f1ana y tarde.<\/p>\n\n\n\n<p>Desde la Autoridad Sanitaria, Claudia Soto advirti\u00f3 que en invierno aumentan los riesgos respiratorios, por lo que inst\u00f3 a inocularse contra influenza, COVID-19 y proteger a lactantes frente al VRS.<\/p>\n\n\n\n<p>El coordinador del Servicio de Salud Chilo\u00e9, Federico Pizarro, destac\u00f3 la efectividad del anticuerpo Nirsevimab, que ha permitido evitar fallecimientos en reci\u00e9n nacidos en los \u00faltimos a\u00f1os.<\/p>\n\n\n\n<p>Usuarios tambi\u00e9n valoraron la vacunaci\u00f3n, subrayando su rol en la prevenci\u00f3n de enfermedades y complicaciones.<\/p>\n","protected":false},"excerpt":{"rendered":"<p>En el contexto de la Campa\u00f1a de Invierno 2026 y la Semana de la Vacunaci\u00f3n en las Am\u00e9ricas, el Hospital de Castro reiter\u00f3 el llamado a inmunizarse oportunamente frente a..<\/p>\n","protected":false},"author":2,"featured_media":20872,"comment_status":"closed","ping_status":"open","sticky":false,"template":"","format":"standard","meta":{"footnotes":""},"categories":[1,28,51],"tags":[],"class_list":["post-20871","post","type-post","status-publish","format-standard","has-post-thumbnail","hentry","category-acontecer","category-actual","category-chiloe"],"rttpg_featured_image_url":{"full":["https:\/\/elconquistadorredloslagos.cl\/test\/wp-content\/uploads\/2026\/04\/Diseno-sin-titulo-64.jpg",1920,1080,false],"landscape":["https:\/\/elconquistadorredloslagos.cl\/test\/wp-content\/uploads\/2026\/04\/Diseno-sin-titulo-64.jpg",1920,1080,false],"portraits":["https:\/\/elconquistadorredloslagos.cl\/test\/wp-content\/uploads\/2026\/04\/Diseno-sin-titulo-64.jpg",1920,1080,false],"thumbnail":["https:\/\/elconquistadorredloslagos.cl\/test\/wp-content\/uploads\/2026\/04\/Diseno-sin-titulo-64-150x150.jpg",150,150,true],"medium":["https:\/\/elconquistadorredloslagos.cl\/test\/wp-content\/uploads\/2026\/04\/Diseno-sin-titulo-64-300x169.jpg",300,169,true],"large":["https:\/\/elconquistadorredloslagos.cl\/test\/wp-content\/uploads\/2026\/04\/Diseno-sin-titulo-64-1024x576.jpg",1024,576,true],"1536x1536":["https:\/\/elconquistadorredloslagos.cl\/test\/wp-content\/uploads\/2026\/04\/Diseno-sin-titulo-64-1536x864.jpg",1536,864,true],"2048x2048":["https:\/\/elconquistadorredloslagos.cl\/test\/wp-content\/uploads\/2026\/04\/Diseno-sin-titulo-64.jpg",1920,1080,false]},"rttpg_author":{"display_name":"ccardenas","author_link":"https:\/\/elconquistadorredloslagos.cl\/test\/blog\/author\/ccardenas\/"},"rttpg_comment":0,"rttpg_category":"<a href=\"https:\/\/elconquistadorredloslagos.cl\/test\/blog\/category\/actual\/acontecer\/\" rel=\"category tag\">Acontecer<\/a> <a href=\"https:\/\/elconquistadorredloslagos.cl\/test\/blog\/category\/actual\/\" rel=\"category tag\">Actualidad<\/a> <a href=\"https:\/\/elconquistadorredloslagos.cl\/test\/blog\/category\/chile\/chiloe\/\" rel=\"category tag\">Chilo\u00e9<\/a>","rttpg_excerpt":"En el contexto de la Campa\u00f1a de Invierno 2026 y la Semana de la Vacunaci\u00f3n en las Am\u00e9ricas, el Hospital de Castro reiter\u00f3 el llamado a inmunizarse oportunamente frente a..","_links":{"self":[{"href":"https:\/\/elconquistadorredloslagos.cl\/test\/wp-json\/wp\/v2\/posts\/20871","targetHints":{"allow":["GET"]}}],"collection":[{"href":"https:\/\/elconquistadorredloslagos.cl\/test\/wp-json\/wp\/v2\/posts"}],"about":[{"href":"https:\/\/elconquistadorredloslagos.cl\/test\/wp-json\/wp\/v2\/types\/post"}],"author":[{"embeddable":true,"href":"https:\/\/elconquistadorredloslagos.cl\/test\/wp-json\/wp\/v2\/users\/2"}],"replies":[{"embeddable":true,"href":"https:\/\/elconquistadorredloslagos.cl\/test\/wp-json\/wp\/v2\/comments?post=20871"}],"version-history":[{"count":1,"href":"https:\/\/elconquistadorredloslagos.cl\/test\/wp-json\/wp\/v2\/posts\/20871\/revisions"}],"predecessor-version":[{"id":20873,"href":"https:\/\/elconquistadorredloslagos.cl\/test\/wp-json\/wp\/v2\/posts\/20871\/revisions\/20873"}],"wp:featuredmedia":[{"embeddable":true,"href":"https:\/\/elconquistadorredloslagos.cl\/test\/wp-json\/wp\/v2\/media\/20872"}],"wp:attachment":[{"href":"https:\/\/elconquistadorredloslagos.cl\/test\/wp-json\/wp\/v2\/media?parent=20871"}],"wp:term":[{"taxonomy":"category","embeddable":true,"href":"https:\/\/elconquistadorredloslagos.cl\/test\/wp-json\/wp\/v2\/categories?post=20871"},{"taxonomy":"post_tag","embeddable":true,"href":"https:\/\/elconquistadorredloslagos.cl\/test\/wp-json\/wp\/v2\/tags?post=20871"}],"curies":[{"name":"wp","href":"https:\/\/api.w.org\/{rel}","templated":true}]}}