{"id":20864,"date":"2026-04-29T12:55:30","date_gmt":"2026-04-29T16:55:30","guid":{"rendered":"https:\/\/elconquistadorredloslagos.cl\/test\/?p=20864"},"modified":"2026-04-29T12:55:30","modified_gmt":"2026-04-29T16:55:30","slug":"terapia-ocupacional-impulsa-primer-seminario-chilote-para-fortalecer-la-formacion-vinculada-al-territorio","status":"publish","type":"post","link":"https:\/\/elconquistadorredloslagos.cl\/test\/blog\/2026\/04\/29\/terapia-ocupacional-impulsa-primer-seminario-chilote-para-fortalecer-la-formacion-vinculada-al-territorio\/","title":{"rendered":"Terapia Ocupacional impulsa primer seminario chilote para fortalecer la formaci\u00f3n vinculada al territorio"},"content":{"rendered":"\n<p>Con el prop\u00f3sito de acercar la formaci\u00f3n acad\u00e9mica a las realidades profesionales del territorio, la carrera de Terapia Ocupacional de la Universidad de Los Lagos Sede Chilo\u00e9 desarroll\u00f3 el\u00a0<strong>Primer Seminario de Terapia Ocupacional Chilota<\/strong>, espacio de encuentro entre estudiantes y profesionales que ejercen en distintos dispositivos de salud del Archipi\u00e9lago.<\/p>\n\n\n\n<p>La&nbsp;<strong>directora docente de la carrera, Nataly Cerda<\/strong>, explic\u00f3 que la iniciativa surgi\u00f3 desde la necesidad de fortalecer el v\u00ednculo entre formaci\u00f3n universitaria y contexto territorial:<\/p>\n\n\n\n<figure class=\"wp-block-audio\"><audio controls src=\"https:\/\/elconquistadorredloslagos.cl\/test\/wp-content\/uploads\/2026\/04\/directora-docente-de-la-carrera-terapia-ocupacional-Nataly-Cerda.mp3\"><\/audio><\/figure>\n\n\n\n<p>La acad\u00e9mica destac\u00f3 adem\u00e1s que la actividad cobra especial relevancia considerando los recientes procesos de egreso y las pr\u00f3ximas titulaciones de profesionales formados en la sede Chilo\u00e9, abriendo nuevas oportunidades laborales en el Archipi\u00e9lago.\u00a0<\/p>\n\n\n\n<p>Durante la jornada participaron profesionales del CESFAM Quillahue, quienes compartieron experiencias vinculadas a rehabilitaci\u00f3n f\u00edsica, trabajo comunitario y atenci\u00f3n en salud primaria.<\/p>\n\n\n\n<p><strong>Fernanda Miranda, terapeuta ocupacional de la sala de rehabilitaci\u00f3n del centro de salud<\/strong>, abord\u00f3 la evoluci\u00f3n que ha tenido el \u00e1rea en los \u00faltimos a\u00f1os, destacando el crecimiento desde una peque\u00f1a sala inicial hacia un modelo con equipos profesionales completos y mayor diversidad de atenciones.<\/p>\n\n\n\n<figure class=\"wp-block-audio\"><audio controls src=\"https:\/\/elconquistadorredloslagos.cl\/test\/wp-content\/uploads\/2026\/04\/Fernanda-Miranda-Pacheco-terapeuta-ocupacional-del-programa-Mas-Adultos-Mayores-Autovalentes-cesfam-quillahue.mp3\"><\/audio><\/figure>\n\n\n\n<p>Por su parte,<strong>\u00a0Fernanda Miranda, terapeuta ocupacional del programa M\u00e1s Adultos Mayores Autovalentes<\/strong>\u00a0del mismo establecimiento, expuso sobre el impacto del trabajo comunitario con personas mayores y la importancia de que quienes est\u00e1n en formaci\u00f3n conozcan anticipadamente los programas existentes en la red local de salud.<\/p>\n\n\n\n<figure class=\"wp-block-audio\"><audio controls src=\"https:\/\/elconquistadorredloslagos.cl\/test\/wp-content\/uploads\/2026\/04\/Fernanda-Miranda-Pacheco-terapeuta-ocupacional-del-programa-Mas-Adultos-Mayores-Autovalentes-cesfam-quillahue-1.mp3\"><\/audio><\/figure>\n\n\n\n<p>La instancia permiti\u00f3 acercar al estudiantado a experiencias reales del ejercicio profesional en salud comunitaria y rehabilitaci\u00f3n, junto a profesionales de la red local del Archipi\u00e9lago.<\/p>\n\n\n\n<figure class=\"wp-block-gallery has-nested-images columns-default is-cropped wp-block-gallery-1 is-layout-flex wp-block-gallery-is-layout-flex\">\n<figure class=\"wp-block-image size-large\"><img loading=\"lazy\" decoding=\"async\" width=\"1024\" height=\"768\" data-id=\"20868\" src=\"https:\/\/elconquistadorredloslagos.cl\/test\/wp-content\/uploads\/2026\/04\/IMG_3819-1024x768.jpg\" alt=\"\" class=\"wp-image-20868\" \/><\/figure>\n<\/figure>\n\n\n\n<p><a href=\"https:\/\/www.ulagos.cl\/wp-content\/uploads\/2026\/04\/IMG_3819-scaled.jpg\"><\/a><\/p>\n","protected":false},"excerpt":{"rendered":"<p>Con el prop\u00f3sito de acercar la formaci\u00f3n acad\u00e9mica a las realidades profesionales del territorio, la carrera de Terapia Ocupacional de la Universidad de Los Lagos Sede Chilo\u00e9 desarroll\u00f3 el\u00a0Primer Seminario..<\/p>\n","protected":false},"author":2,"featured_media":20869,"comment_status":"closed","ping_status":"open","sticky":false,"template":"","format":"standard","meta":{"footnotes":""},"categories":[1,28,51,39],"tags":[],"class_list":["post-20864","post","type-post","status-publish","format-standard","has-post-thumbnail","hentry","category-acontecer","category-actual","category-chiloe","category-educacion"],"rttpg_featured_image_url":{"full":["https:\/\/elconquistadorredloslagos.cl\/test\/wp-content\/uploads\/2026\/04\/Diseno-sin-titulo-63.jpg",1920,1080,false],"landscape":["https:\/\/elconquistadorredloslagos.cl\/test\/wp-content\/uploads\/2026\/04\/Diseno-sin-titulo-63.jpg",1920,1080,false],"portraits":["https:\/\/elconquistadorredloslagos.cl\/test\/wp-content\/uploads\/2026\/04\/Diseno-sin-titulo-63.jpg",1920,1080,false],"thumbnail":["https:\/\/elconquistadorredloslagos.cl\/test\/wp-content\/uploads\/2026\/04\/Diseno-sin-titulo-63-150x150.jpg",150,150,true],"medium":["https:\/\/elconquistadorredloslagos.cl\/test\/wp-content\/uploads\/2026\/04\/Diseno-sin-titulo-63-300x169.jpg",300,169,true],"large":["https:\/\/elconquistadorredloslagos.cl\/test\/wp-content\/uploads\/2026\/04\/Diseno-sin-titulo-63-1024x576.jpg",1024,576,true],"1536x1536":["https:\/\/elconquistadorredloslagos.cl\/test\/wp-content\/uploads\/2026\/04\/Diseno-sin-titulo-63-1536x864.jpg",1536,864,true],"2048x2048":["https:\/\/elconquistadorredloslagos.cl\/test\/wp-content\/uploads\/2026\/04\/Diseno-sin-titulo-63.jpg",1920,1080,false]},"rttpg_author":{"display_name":"ccardenas","author_link":"https:\/\/elconquistadorredloslagos.cl\/test\/blog\/author\/ccardenas\/"},"rttpg_comment":0,"rttpg_category":"<a href=\"https:\/\/elconquistadorredloslagos.cl\/test\/blog\/category\/actual\/acontecer\/\" rel=\"category tag\">Acontecer<\/a> <a href=\"https:\/\/elconquistadorredloslagos.cl\/test\/blog\/category\/actual\/\" rel=\"category tag\">Actualidad<\/a> <a href=\"https:\/\/elconquistadorredloslagos.cl\/test\/blog\/category\/chile\/chiloe\/\" rel=\"category tag\">Chilo\u00e9<\/a> <a href=\"https:\/\/elconquistadorredloslagos.cl\/test\/blog\/category\/actual\/educacion\/\" rel=\"category tag\">Educaci\u00f3n<\/a>","rttpg_excerpt":"Con el prop\u00f3sito de acercar la formaci\u00f3n acad\u00e9mica a las realidades profesionales del territorio, la carrera de Terapia Ocupacional de la Universidad de Los Lagos Sede Chilo\u00e9 desarroll\u00f3 el\u00a0Primer Seminario..","_links":{"self":[{"href":"https:\/\/elconquistadorredloslagos.cl\/test\/wp-json\/wp\/v2\/posts\/20864","targetHints":{"allow":["GET"]}}],"collection":[{"href":"https:\/\/elconquistadorredloslagos.cl\/test\/wp-json\/wp\/v2\/posts"}],"about":[{"href":"https:\/\/elconquistadorredloslagos.cl\/test\/wp-json\/wp\/v2\/types\/post"}],"author":[{"embeddable":true,"href":"https:\/\/elconquistadorredloslagos.cl\/test\/wp-json\/wp\/v2\/users\/2"}],"replies":[{"embeddable":true,"href":"https:\/\/elconquistadorredloslagos.cl\/test\/wp-json\/wp\/v2\/comments?post=20864"}],"version-history":[{"count":1,"href":"https:\/\/elconquistadorredloslagos.cl\/test\/wp-json\/wp\/v2\/posts\/20864\/revisions"}],"predecessor-version":[{"id":20870,"href":"https:\/\/elconquistadorredloslagos.cl\/test\/wp-json\/wp\/v2\/posts\/20864\/revisions\/20870"}],"wp:featuredmedia":[{"embeddable":true,"href":"https:\/\/elconquistadorredloslagos.cl\/test\/wp-json\/wp\/v2\/media\/20869"}],"wp:attachment":[{"href":"https:\/\/elconquistadorredloslagos.cl\/test\/wp-json\/wp\/v2\/media?parent=20864"}],"wp:term":[{"taxonomy":"category","embeddable":true,"href":"https:\/\/elconquistadorredloslagos.cl\/test\/wp-json\/wp\/v2\/categories?post=20864"},{"taxonomy":"post_tag","embeddable":true,"href":"https:\/\/elconquistadorredloslagos.cl\/test\/wp-json\/wp\/v2\/tags?post=20864"}],"curies":[{"name":"wp","href":"https:\/\/api.w.org\/{rel}","templated":true}]}}