{"id":20859,"date":"2026-04-29T12:42:28","date_gmt":"2026-04-29T16:42:28","guid":{"rendered":"https:\/\/elconquistadorredloslagos.cl\/test\/?p=20859"},"modified":"2026-04-29T12:42:28","modified_gmt":"2026-04-29T16:42:28","slug":"dalcahue-reconoce-a-sus-trabajadores-y-refuerza-alianza-publico-privada-para-el-desarrollo-local","status":"publish","type":"post","link":"https:\/\/elconquistadorredloslagos.cl\/test\/blog\/2026\/04\/29\/dalcahue-reconoce-a-sus-trabajadores-y-refuerza-alianza-publico-privada-para-el-desarrollo-local\/","title":{"rendered":"Dalcahue reconoce a sus trabajadores y refuerza alianza p\u00fablico-privada para el desarrollo local"},"content":{"rendered":"\n<p>En una significativa ceremonia realizada este 29 de abril en el centro cultural comunitario, la municipalidad de Dalcahue conmemor\u00f3 el D\u00eda Internacional de los Trabajadores, destacando el aporte fundamental de hombres y mujeres que, desde distintos sectores productivos y de servicios, contribuyen diariamente al desarrollo de la comuna.<\/p>\n\n\n\n<p>La actividad, organizada a trav\u00e9s de la Direcci\u00f3n de Desarrollo Comunitario junto a OMIL y OTEC, puso en el centro el valor del trabajo bien hecho, la trayectoria laboral y el compromiso sostenido en el tiempo, reconociendo a trabajadores que representan lo mejor del esfuerzo, la responsabilidad y la vocaci\u00f3n. En la instancia se relev\u00f3 con fuerza la importancia de la colaboraci\u00f3n entre el sector p\u00fablico y privado, entendida como un pilar clave para generar oportunidades, fortalecer la econom\u00eda local y mejorar la calidad de vida de las familias de Dalcahue.<\/p>\n\n\n\n<p><strong>Homenajeados<\/strong><\/p>\n\n\n\n<p>Durante la ceremonia fueron homenajeados 20 trabajadores de distintas empresas: Mar\u00eda Margarita Llanqu\u00edn Ainol de la Empresa Blue Shell; Jos\u00e9 Miguel Ulloa Arroyo de la Empresa Sudmaris; Ernestina Pilar Pacheco Mansilla de la Empresa Landes; Iv\u00e1n del Carmen Alvarado Alvarado de la Empresa Agromar; Richard Javier Aburto Castro de la Empresa Abick; M\u00f3nica Elizabeth Miranda Millapel de la Empresa Salmones Ant\u00e1rtica; Violeta Marlene Chiguay Chiguay de la Empresa Invermar; Jos\u00e9 \u00c1lvaro Mu\u00f1oz Oyarzun de la Empresa Salmofood, marca Vitapro; V\u00edctor Ren\u00e9 Espinoza Ortiz de la Empresa Resiter; Viviana del Carmen Barr\u00eda Saldivia de Supermercados El Trahuel; Juan Carlos Bustamante Barrientos de Ferreter\u00eda Dimatel; Patricio Alejandro C\u00e1rdenas Curumilla de Transporte Bahamonde; Pedro Emilio Mansilla Vivar de la Empresa Manpue; Irene del Carmen Pacheco Garc\u00eda del Muelle Artesanal de Dalcahue; An\u00edbal Alfredo Gallardo Miranda de Servicios Juan Ibacache; Doritia Regina Mu\u00f1oz Barrientos del Restaurant Dalca; Mar\u00eda Ang\u00e9lica Barrientos Aguilar del Restaurant Palafitos Brisas Marinas; Mar\u00eda Norma Levicoy Mansilla del Hotel Aliwen; Mar\u00eda Fresia Saldivia Aguilar del Cesfam Dalcahue; y Marisol Jacqueline D\u00edaz Ruiz de la Ilustre Municipalidad de Dalcahue.<\/p>\n\n\n\n<p>Cada uno de ellos fue destacado por su trayectoria, compromiso y aporte concreto a sus respectivos espacios laborales, reflejando una cultura de trabajo basada en la responsabilidad, la colaboraci\u00f3n y el respeto, elementos esenciales para el fortalecimiento del tejido social y productivo de la comuna.<\/p>\n\n\n\n<p>La alcaldesa de Dalcahue, Alejandra Villegas, valor\u00f3 el sentido de esta conmemoraci\u00f3n:<\/p>\n\n\n\n<figure class=\"wp-block-audio\"><audio controls src=\"https:\/\/elconquistadorredloslagos.cl\/test\/wp-content\/uploads\/2026\/04\/ALCALDESA-VILLEGAS-DIA-DEL-TRABAJADOR.mp3\"><\/audio><\/figure>\n\n\n\n<p>De esta forma, la conmemoraci\u00f3n del D\u00eda Internacional del Trabajo no solo reconoci\u00f3 el m\u00e9rito individual de los trabajadores, sino que tambi\u00e9n proyect\u00f3 una se\u00f1al clara respecto del camino que Dalcahue busca consolidar: una comuna que valora el trabajo, que fortalece la colaboraci\u00f3n y que construye su futuro sobre la base de la confianza, la responsabilidad y el esfuerzo compartido.<\/p>\n\n\n\n<figure class=\"wp-block-gallery has-nested-images columns-default is-cropped wp-block-gallery-1 is-layout-flex wp-block-gallery-is-layout-flex\">\n<figure class=\"wp-block-image size-large\"><img loading=\"lazy\" decoding=\"async\" width=\"1024\" height=\"474\" data-id=\"20861\" src=\"https:\/\/elconquistadorredloslagos.cl\/test\/wp-content\/uploads\/2026\/04\/PORTADA-1024x474.png\" alt=\"\" class=\"wp-image-20861\" \/><\/figure>\n<\/figure>\n","protected":false},"excerpt":{"rendered":"<p>En una significativa ceremonia realizada este 29 de abril en el centro cultural comunitario, la municipalidad de Dalcahue conmemor\u00f3 el D\u00eda Internacional de los Trabajadores, destacando el aporte fundamental de..<\/p>\n","protected":false},"author":2,"featured_media":20862,"comment_status":"closed","ping_status":"open","sticky":false,"template":"","format":"standard","meta":{"footnotes":""},"categories":[1,28,51],"tags":[],"class_list":["post-20859","post","type-post","status-publish","format-standard","has-post-thumbnail","hentry","category-acontecer","category-actual","category-chiloe"],"rttpg_featured_image_url":{"full":["https:\/\/elconquistadorredloslagos.cl\/test\/wp-content\/uploads\/2026\/04\/Diseno-sin-titulo-62.jpg",1920,1080,false],"landscape":["https:\/\/elconquistadorredloslagos.cl\/test\/wp-content\/uploads\/2026\/04\/Diseno-sin-titulo-62.jpg",1920,1080,false],"portraits":["https:\/\/elconquistadorredloslagos.cl\/test\/wp-content\/uploads\/2026\/04\/Diseno-sin-titulo-62.jpg",1920,1080,false],"thumbnail":["https:\/\/elconquistadorredloslagos.cl\/test\/wp-content\/uploads\/2026\/04\/Diseno-sin-titulo-62-150x150.jpg",150,150,true],"medium":["https:\/\/elconquistadorredloslagos.cl\/test\/wp-content\/uploads\/2026\/04\/Diseno-sin-titulo-62-300x169.jpg",300,169,true],"large":["https:\/\/elconquistadorredloslagos.cl\/test\/wp-content\/uploads\/2026\/04\/Diseno-sin-titulo-62-1024x576.jpg",1024,576,true],"1536x1536":["https:\/\/elconquistadorredloslagos.cl\/test\/wp-content\/uploads\/2026\/04\/Diseno-sin-titulo-62-1536x864.jpg",1536,864,true],"2048x2048":["https:\/\/elconquistadorredloslagos.cl\/test\/wp-content\/uploads\/2026\/04\/Diseno-sin-titulo-62.jpg",1920,1080,false]},"rttpg_author":{"display_name":"ccardenas","author_link":"https:\/\/elconquistadorredloslagos.cl\/test\/blog\/author\/ccardenas\/"},"rttpg_comment":0,"rttpg_category":"<a href=\"https:\/\/elconquistadorredloslagos.cl\/test\/blog\/category\/actual\/acontecer\/\" rel=\"category tag\">Acontecer<\/a> <a href=\"https:\/\/elconquistadorredloslagos.cl\/test\/blog\/category\/actual\/\" rel=\"category tag\">Actualidad<\/a> <a href=\"https:\/\/elconquistadorredloslagos.cl\/test\/blog\/category\/chile\/chiloe\/\" rel=\"category tag\">Chilo\u00e9<\/a>","rttpg_excerpt":"En una significativa ceremonia realizada este 29 de abril en el centro cultural comunitario, la municipalidad de Dalcahue conmemor\u00f3 el D\u00eda Internacional de los Trabajadores, destacando el aporte fundamental de..","_links":{"self":[{"href":"https:\/\/elconquistadorredloslagos.cl\/test\/wp-json\/wp\/v2\/posts\/20859","targetHints":{"allow":["GET"]}}],"collection":[{"href":"https:\/\/elconquistadorredloslagos.cl\/test\/wp-json\/wp\/v2\/posts"}],"about":[{"href":"https:\/\/elconquistadorredloslagos.cl\/test\/wp-json\/wp\/v2\/types\/post"}],"author":[{"embeddable":true,"href":"https:\/\/elconquistadorredloslagos.cl\/test\/wp-json\/wp\/v2\/users\/2"}],"replies":[{"embeddable":true,"href":"https:\/\/elconquistadorredloslagos.cl\/test\/wp-json\/wp\/v2\/comments?post=20859"}],"version-history":[{"count":1,"href":"https:\/\/elconquistadorredloslagos.cl\/test\/wp-json\/wp\/v2\/posts\/20859\/revisions"}],"predecessor-version":[{"id":20863,"href":"https:\/\/elconquistadorredloslagos.cl\/test\/wp-json\/wp\/v2\/posts\/20859\/revisions\/20863"}],"wp:featuredmedia":[{"embeddable":true,"href":"https:\/\/elconquistadorredloslagos.cl\/test\/wp-json\/wp\/v2\/media\/20862"}],"wp:attachment":[{"href":"https:\/\/elconquistadorredloslagos.cl\/test\/wp-json\/wp\/v2\/media?parent=20859"}],"wp:term":[{"taxonomy":"category","embeddable":true,"href":"https:\/\/elconquistadorredloslagos.cl\/test\/wp-json\/wp\/v2\/categories?post=20859"},{"taxonomy":"post_tag","embeddable":true,"href":"https:\/\/elconquistadorredloslagos.cl\/test\/wp-json\/wp\/v2\/tags?post=20859"}],"curies":[{"name":"wp","href":"https:\/\/api.w.org\/{rel}","templated":true}]}}