{"id":20851,"date":"2026-04-28T17:17:04","date_gmt":"2026-04-28T21:17:04","guid":{"rendered":"https:\/\/elconquistadorredloslagos.cl\/test\/?p=20851"},"modified":"2026-04-28T17:17:12","modified_gmt":"2026-04-28T21:17:12","slug":"investigan-tragedia-en-quellon-que-dejo-tres-fallecidos-tras-violento-incendio","status":"publish","type":"post","link":"https:\/\/elconquistadorredloslagos.cl\/test\/blog\/2026\/04\/28\/investigan-tragedia-en-quellon-que-dejo-tres-fallecidos-tras-violento-incendio\/","title":{"rendered":"Investigan tragedia en Quell\u00f3n que dej\u00f3 tres fallecidos tras violento incendio"},"content":{"rendered":"\n<p>Un grave incendio estructural ocurrido la noche del lunes en Quell\u00f3n termin\u00f3 con la vida de tres personas y provoc\u00f3 la destrucci\u00f3n total de dos viviendas, adem\u00e1s de da\u00f1os parciales en una iglesia evang\u00e9lica cercana.<\/p>\n\n\n\n<p>La emergencia se desat\u00f3 alrededor de las 21:42 horas en la esquina de Ignacio Carrera Pinto con Doctor Ahues, movilizando a varias compa\u00f1\u00edas de Bomberos que trabajaron intensamente para contener las llamas y evitar que se extendieran a inmuebles colindantes.<\/p>\n\n\n\n<p>Durante la fase de control y remoci\u00f3n de escombros, voluntarios confirmaron el hallazgo de tres cuerpos calcinados, cuyas identidades a\u00fan no han podido ser determinadas. El capit\u00e1n de la Sexta Comisar\u00eda de Carabineros, Sebasti\u00e1n Undurraga, indic\u00f3 que el procedimiento contin\u00faa en desarrollo y que el sitio permanece resguardado a la espera de peritajes instruidos por el Ministerio P\u00fablico.<\/p>\n\n\n\n<p>Desde Bomberos, el comandante Eduardo Obando detall\u00f3 que cerca de 55 voluntarios participaron en la emergencia, logrando evitar una mayor propagaci\u00f3n del fuego, sin registrarse problemas en el suministro de agua.<\/p>\n\n\n\n<p>En tanto, Enrique C\u00e1rcamo, de la Central Omega, inform\u00f3 que adem\u00e1s de las v\u00edctimas fatales, una persona result\u00f3 lesionada y varias quedaron damnificadas.<\/p>\n\n\n\n<p>\ud83d\udcf7 Hito Cero Televisi\u00f3n &#8211; Facebook<\/p>\n","protected":false},"excerpt":{"rendered":"<p>Un grave incendio estructural ocurrido la noche del lunes en Quell\u00f3n termin\u00f3 con la vida de tres personas y provoc\u00f3 la destrucci\u00f3n total de dos viviendas, adem\u00e1s de da\u00f1os parciales..<\/p>\n","protected":false},"author":2,"featured_media":20852,"comment_status":"closed","ping_status":"open","sticky":false,"template":"","format":"standard","meta":{"footnotes":""},"categories":[1,28,51],"tags":[],"class_list":["post-20851","post","type-post","status-publish","format-standard","has-post-thumbnail","hentry","category-acontecer","category-actual","category-chiloe"],"rttpg_featured_image_url":{"full":["https:\/\/elconquistadorredloslagos.cl\/test\/wp-content\/uploads\/2026\/04\/Diseno-sin-titulo-2-22.jpg",1920,1080,false],"landscape":["https:\/\/elconquistadorredloslagos.cl\/test\/wp-content\/uploads\/2026\/04\/Diseno-sin-titulo-2-22.jpg",1920,1080,false],"portraits":["https:\/\/elconquistadorredloslagos.cl\/test\/wp-content\/uploads\/2026\/04\/Diseno-sin-titulo-2-22.jpg",1920,1080,false],"thumbnail":["https:\/\/elconquistadorredloslagos.cl\/test\/wp-content\/uploads\/2026\/04\/Diseno-sin-titulo-2-22-150x150.jpg",150,150,true],"medium":["https:\/\/elconquistadorredloslagos.cl\/test\/wp-content\/uploads\/2026\/04\/Diseno-sin-titulo-2-22-300x169.jpg",300,169,true],"large":["https:\/\/elconquistadorredloslagos.cl\/test\/wp-content\/uploads\/2026\/04\/Diseno-sin-titulo-2-22-1024x576.jpg",1024,576,true],"1536x1536":["https:\/\/elconquistadorredloslagos.cl\/test\/wp-content\/uploads\/2026\/04\/Diseno-sin-titulo-2-22-1536x864.jpg",1536,864,true],"2048x2048":["https:\/\/elconquistadorredloslagos.cl\/test\/wp-content\/uploads\/2026\/04\/Diseno-sin-titulo-2-22.jpg",1920,1080,false]},"rttpg_author":{"display_name":"ccardenas","author_link":"https:\/\/elconquistadorredloslagos.cl\/test\/blog\/author\/ccardenas\/"},"rttpg_comment":0,"rttpg_category":"<a href=\"https:\/\/elconquistadorredloslagos.cl\/test\/blog\/category\/actual\/acontecer\/\" rel=\"category tag\">Acontecer<\/a> <a href=\"https:\/\/elconquistadorredloslagos.cl\/test\/blog\/category\/actual\/\" rel=\"category tag\">Actualidad<\/a> <a href=\"https:\/\/elconquistadorredloslagos.cl\/test\/blog\/category\/chile\/chiloe\/\" rel=\"category tag\">Chilo\u00e9<\/a>","rttpg_excerpt":"Un grave incendio estructural ocurrido la noche del lunes en Quell\u00f3n termin\u00f3 con la vida de tres personas y provoc\u00f3 la destrucci\u00f3n total de dos viviendas, adem\u00e1s de da\u00f1os parciales..","_links":{"self":[{"href":"https:\/\/elconquistadorredloslagos.cl\/test\/wp-json\/wp\/v2\/posts\/20851","targetHints":{"allow":["GET"]}}],"collection":[{"href":"https:\/\/elconquistadorredloslagos.cl\/test\/wp-json\/wp\/v2\/posts"}],"about":[{"href":"https:\/\/elconquistadorredloslagos.cl\/test\/wp-json\/wp\/v2\/types\/post"}],"author":[{"embeddable":true,"href":"https:\/\/elconquistadorredloslagos.cl\/test\/wp-json\/wp\/v2\/users\/2"}],"replies":[{"embeddable":true,"href":"https:\/\/elconquistadorredloslagos.cl\/test\/wp-json\/wp\/v2\/comments?post=20851"}],"version-history":[{"count":1,"href":"https:\/\/elconquistadorredloslagos.cl\/test\/wp-json\/wp\/v2\/posts\/20851\/revisions"}],"predecessor-version":[{"id":20853,"href":"https:\/\/elconquistadorredloslagos.cl\/test\/wp-json\/wp\/v2\/posts\/20851\/revisions\/20853"}],"wp:featuredmedia":[{"embeddable":true,"href":"https:\/\/elconquistadorredloslagos.cl\/test\/wp-json\/wp\/v2\/media\/20852"}],"wp:attachment":[{"href":"https:\/\/elconquistadorredloslagos.cl\/test\/wp-json\/wp\/v2\/media?parent=20851"}],"wp:term":[{"taxonomy":"category","embeddable":true,"href":"https:\/\/elconquistadorredloslagos.cl\/test\/wp-json\/wp\/v2\/categories?post=20851"},{"taxonomy":"post_tag","embeddable":true,"href":"https:\/\/elconquistadorredloslagos.cl\/test\/wp-json\/wp\/v2\/tags?post=20851"}],"curies":[{"name":"wp","href":"https:\/\/api.w.org\/{rel}","templated":true}]}}