{"id":20848,"date":"2026-04-28T16:45:14","date_gmt":"2026-04-28T20:45:14","guid":{"rendered":"https:\/\/elconquistadorredloslagos.cl\/test\/?p=20848"},"modified":"2026-04-28T16:45:15","modified_gmt":"2026-04-28T20:45:15","slug":"investigan-como-homicidio-muerte-de-joven-tras-agresion-en-llanquihue","status":"publish","type":"post","link":"https:\/\/elconquistadorredloslagos.cl\/test\/blog\/2026\/04\/28\/investigan-como-homicidio-muerte-de-joven-tras-agresion-en-llanquihue\/","title":{"rendered":"Investigan como homicidio muerte de joven tras agresi\u00f3n en Llanquihue"},"content":{"rendered":"\n<p>Como homicidio es indagada la muerte de un joven de 28 a\u00f1os en Llanquihue, quien falleci\u00f3 d\u00edas despu\u00e9s de ser agredido con un objeto contundente, presuntamente un fierro, en el sector de Loncotoro.<\/p>\n\n\n\n<p>El hecho ocurri\u00f3 el 24 de abril, cuando la v\u00edctima fue atacada en la v\u00eda p\u00fablica. Tras la agresi\u00f3n, regres\u00f3 a su domicilio y posteriormente fue trasladado por su familia al Hospital de Llanquihue. Luego fue derivado a la Cl\u00ednica Puerto Varas para ex\u00e1menes y nuevamente al recinto local, donde se le diagnostic\u00f3 una fractura de cr\u00e1neo y un traumatismo enc\u00e9falo craneano.<\/p>\n\n\n\n<p>M\u00e1s tarde fue llevado al Hospital de Puerto Montt, desde donde se retir\u00f3 por decisi\u00f3n propia sin completar su atenci\u00f3n, regresando a su vivienda. El domingo 26 fue encontrado sin vida por su padre.<\/p>\n\n\n\n<p>La Fiscal\u00eda instruy\u00f3 diligencias a la secci\u00f3n OS-9 y Labocar de Carabineros, que trabajan en establecer la din\u00e1mica de la agresi\u00f3n y las circunstancias del fallecimiento. Adem\u00e1s, se indaga la atenci\u00f3n recibida en los centros de salud.<\/p>\n\n\n\n<p>El Servicio M\u00e9dico Legal realizar\u00e1 la autopsia para determinar la causa exacta de muerte, en una investigaci\u00f3n que busca esclarecer responsabilidades.<\/p>\n","protected":false},"excerpt":{"rendered":"<p>Como homicidio es indagada la muerte de un joven de 28 a\u00f1os en Llanquihue, quien falleci\u00f3 d\u00edas despu\u00e9s de ser agredido con un objeto contundente, presuntamente un fierro, en el..<\/p>\n","protected":false},"author":2,"featured_media":20849,"comment_status":"closed","ping_status":"open","sticky":false,"template":"","format":"standard","meta":{"footnotes":""},"categories":[1,28,51],"tags":[],"class_list":["post-20848","post","type-post","status-publish","format-standard","has-post-thumbnail","hentry","category-acontecer","category-actual","category-chiloe"],"rttpg_featured_image_url":{"full":["https:\/\/elconquistadorredloslagos.cl\/test\/wp-content\/uploads\/2026\/04\/Diseno-sin-titulo-1-40.jpg",1920,1080,false],"landscape":["https:\/\/elconquistadorredloslagos.cl\/test\/wp-content\/uploads\/2026\/04\/Diseno-sin-titulo-1-40.jpg",1920,1080,false],"portraits":["https:\/\/elconquistadorredloslagos.cl\/test\/wp-content\/uploads\/2026\/04\/Diseno-sin-titulo-1-40.jpg",1920,1080,false],"thumbnail":["https:\/\/elconquistadorredloslagos.cl\/test\/wp-content\/uploads\/2026\/04\/Diseno-sin-titulo-1-40-150x150.jpg",150,150,true],"medium":["https:\/\/elconquistadorredloslagos.cl\/test\/wp-content\/uploads\/2026\/04\/Diseno-sin-titulo-1-40-300x169.jpg",300,169,true],"large":["https:\/\/elconquistadorredloslagos.cl\/test\/wp-content\/uploads\/2026\/04\/Diseno-sin-titulo-1-40-1024x576.jpg",1024,576,true],"1536x1536":["https:\/\/elconquistadorredloslagos.cl\/test\/wp-content\/uploads\/2026\/04\/Diseno-sin-titulo-1-40-1536x864.jpg",1536,864,true],"2048x2048":["https:\/\/elconquistadorredloslagos.cl\/test\/wp-content\/uploads\/2026\/04\/Diseno-sin-titulo-1-40.jpg",1920,1080,false]},"rttpg_author":{"display_name":"ccardenas","author_link":"https:\/\/elconquistadorredloslagos.cl\/test\/blog\/author\/ccardenas\/"},"rttpg_comment":0,"rttpg_category":"<a href=\"https:\/\/elconquistadorredloslagos.cl\/test\/blog\/category\/actual\/acontecer\/\" rel=\"category tag\">Acontecer<\/a> <a href=\"https:\/\/elconquistadorredloslagos.cl\/test\/blog\/category\/actual\/\" rel=\"category tag\">Actualidad<\/a> <a href=\"https:\/\/elconquistadorredloslagos.cl\/test\/blog\/category\/chile\/chiloe\/\" rel=\"category tag\">Chilo\u00e9<\/a>","rttpg_excerpt":"Como homicidio es indagada la muerte de un joven de 28 a\u00f1os en Llanquihue, quien falleci\u00f3 d\u00edas despu\u00e9s de ser agredido con un objeto contundente, presuntamente un fierro, en el..","_links":{"self":[{"href":"https:\/\/elconquistadorredloslagos.cl\/test\/wp-json\/wp\/v2\/posts\/20848","targetHints":{"allow":["GET"]}}],"collection":[{"href":"https:\/\/elconquistadorredloslagos.cl\/test\/wp-json\/wp\/v2\/posts"}],"about":[{"href":"https:\/\/elconquistadorredloslagos.cl\/test\/wp-json\/wp\/v2\/types\/post"}],"author":[{"embeddable":true,"href":"https:\/\/elconquistadorredloslagos.cl\/test\/wp-json\/wp\/v2\/users\/2"}],"replies":[{"embeddable":true,"href":"https:\/\/elconquistadorredloslagos.cl\/test\/wp-json\/wp\/v2\/comments?post=20848"}],"version-history":[{"count":1,"href":"https:\/\/elconquistadorredloslagos.cl\/test\/wp-json\/wp\/v2\/posts\/20848\/revisions"}],"predecessor-version":[{"id":20850,"href":"https:\/\/elconquistadorredloslagos.cl\/test\/wp-json\/wp\/v2\/posts\/20848\/revisions\/20850"}],"wp:featuredmedia":[{"embeddable":true,"href":"https:\/\/elconquistadorredloslagos.cl\/test\/wp-json\/wp\/v2\/media\/20849"}],"wp:attachment":[{"href":"https:\/\/elconquistadorredloslagos.cl\/test\/wp-json\/wp\/v2\/media?parent=20848"}],"wp:term":[{"taxonomy":"category","embeddable":true,"href":"https:\/\/elconquistadorredloslagos.cl\/test\/wp-json\/wp\/v2\/categories?post=20848"},{"taxonomy":"post_tag","embeddable":true,"href":"https:\/\/elconquistadorredloslagos.cl\/test\/wp-json\/wp\/v2\/tags?post=20848"}],"curies":[{"name":"wp","href":"https:\/\/api.w.org\/{rel}","templated":true}]}}