{"id":20845,"date":"2026-04-28T16:43:20","date_gmt":"2026-04-28T20:43:20","guid":{"rendered":"https:\/\/elconquistadorredloslagos.cl\/test\/?p=20845"},"modified":"2026-04-28T16:43:20","modified_gmt":"2026-04-28T20:43:20","slug":"los-lagos-celebra-20-anos-formando-especialistas-en-emergencias-quimicas","status":"publish","type":"post","link":"https:\/\/elconquistadorredloslagos.cl\/test\/blog\/2026\/04\/28\/los-lagos-celebra-20-anos-formando-especialistas-en-emergencias-quimicas\/","title":{"rendered":"Los Lagos celebra 20 a\u00f1os formando especialistas en emergencias qu\u00edmicas"},"content":{"rendered":"\n<p>La Regi\u00f3n de Los Lagos conmemora dos d\u00e9cadas de capacitaci\u00f3n en respuesta a emergencias con materiales peligrosos con una nueva versi\u00f3n del curso \u201cRespuesta a Emergencias Qu\u00edmicas y Ambientales\u2013Nivel Operador\u201d, desarrollado en Puerto Montt.<\/p>\n\n\n\n<p>La iniciativa, impulsada por la Seremi del Medio Ambiente junto a la Segunda Compa\u00f1\u00eda de Bomberos \u201cGermania\u201d, naci\u00f3 en 2001 en Temuco y desde 2003 se realiza de forma continua en la capital regional, consolid\u00e1ndose como un referente nacional en formaci\u00f3n especializada.<\/p>\n\n\n\n<p>En esta edici\u00f3n, el programa adquiere car\u00e1cter internacional con el respaldo de la Organizaci\u00f3n de Bomberos Americanos, convocando a 30 participantes de pa\u00edses como Argentina, Uruguay, Paraguay y Ecuador, adem\u00e1s de Chile. La formaci\u00f3n estar\u00e1 a cargo de instructores con amplia experiencia en el manejo de sustancias peligrosas.<\/p>\n\n\n\n<p>El curso contempla contenidos te\u00f3ricos y pr\u00e1cticos orientados a la gesti\u00f3n y control de emergencias qu\u00edmicas, bajo est\u00e1ndares internacionales, incluyendo la participaci\u00f3n de especialistas en toxicolog\u00eda.<\/p>\n\n\n\n<p>A la fecha, m\u00e1s de 790 personas han sido capacitadas en esta instancia, que busca fortalecer la preparaci\u00f3n de bomberos y profesionales ante incidentes de alta complejidad, consolidando a la regi\u00f3n como un polo de formaci\u00f3n en esta materia.<\/p>\n\n\n\n<p><\/p>\n","protected":false},"excerpt":{"rendered":"<p>La Regi\u00f3n de Los Lagos conmemora dos d\u00e9cadas de capacitaci\u00f3n en respuesta a emergencias con materiales peligrosos con una nueva versi\u00f3n del curso \u201cRespuesta a Emergencias Qu\u00edmicas y Ambientales\u2013Nivel Operador\u201d,..<\/p>\n","protected":false},"author":2,"featured_media":20846,"comment_status":"closed","ping_status":"open","sticky":false,"template":"","format":"standard","meta":{"footnotes":""},"categories":[1,28,56],"tags":[],"class_list":["post-20845","post","type-post","status-publish","format-standard","has-post-thumbnail","hentry","category-acontecer","category-actual","category-puerto-montt"],"rttpg_featured_image_url":{"full":["https:\/\/elconquistadorredloslagos.cl\/test\/wp-content\/uploads\/2026\/04\/file_20260428161934.webp",820,460,false],"landscape":["https:\/\/elconquistadorredloslagos.cl\/test\/wp-content\/uploads\/2026\/04\/file_20260428161934.webp",820,460,false],"portraits":["https:\/\/elconquistadorredloslagos.cl\/test\/wp-content\/uploads\/2026\/04\/file_20260428161934.webp",820,460,false],"thumbnail":["https:\/\/elconquistadorredloslagos.cl\/test\/wp-content\/uploads\/2026\/04\/file_20260428161934-150x150.webp",150,150,true],"medium":["https:\/\/elconquistadorredloslagos.cl\/test\/wp-content\/uploads\/2026\/04\/file_20260428161934-300x168.webp",300,168,true],"large":["https:\/\/elconquistadorredloslagos.cl\/test\/wp-content\/uploads\/2026\/04\/file_20260428161934.webp",820,460,false],"1536x1536":["https:\/\/elconquistadorredloslagos.cl\/test\/wp-content\/uploads\/2026\/04\/file_20260428161934.webp",820,460,false],"2048x2048":["https:\/\/elconquistadorredloslagos.cl\/test\/wp-content\/uploads\/2026\/04\/file_20260428161934.webp",820,460,false]},"rttpg_author":{"display_name":"ccardenas","author_link":"https:\/\/elconquistadorredloslagos.cl\/test\/blog\/author\/ccardenas\/"},"rttpg_comment":0,"rttpg_category":"<a href=\"https:\/\/elconquistadorredloslagos.cl\/test\/blog\/category\/actual\/acontecer\/\" rel=\"category tag\">Acontecer<\/a> <a href=\"https:\/\/elconquistadorredloslagos.cl\/test\/blog\/category\/actual\/\" rel=\"category tag\">Actualidad<\/a> <a href=\"https:\/\/elconquistadorredloslagos.cl\/test\/blog\/category\/chile\/puerto-montt\/\" rel=\"category tag\">Puerto Montt<\/a>","rttpg_excerpt":"La Regi\u00f3n de Los Lagos conmemora dos d\u00e9cadas de capacitaci\u00f3n en respuesta a emergencias con materiales peligrosos con una nueva versi\u00f3n del curso \u201cRespuesta a Emergencias Qu\u00edmicas y Ambientales\u2013Nivel Operador\u201d,..","_links":{"self":[{"href":"https:\/\/elconquistadorredloslagos.cl\/test\/wp-json\/wp\/v2\/posts\/20845","targetHints":{"allow":["GET"]}}],"collection":[{"href":"https:\/\/elconquistadorredloslagos.cl\/test\/wp-json\/wp\/v2\/posts"}],"about":[{"href":"https:\/\/elconquistadorredloslagos.cl\/test\/wp-json\/wp\/v2\/types\/post"}],"author":[{"embeddable":true,"href":"https:\/\/elconquistadorredloslagos.cl\/test\/wp-json\/wp\/v2\/users\/2"}],"replies":[{"embeddable":true,"href":"https:\/\/elconquistadorredloslagos.cl\/test\/wp-json\/wp\/v2\/comments?post=20845"}],"version-history":[{"count":1,"href":"https:\/\/elconquistadorredloslagos.cl\/test\/wp-json\/wp\/v2\/posts\/20845\/revisions"}],"predecessor-version":[{"id":20847,"href":"https:\/\/elconquistadorredloslagos.cl\/test\/wp-json\/wp\/v2\/posts\/20845\/revisions\/20847"}],"wp:featuredmedia":[{"embeddable":true,"href":"https:\/\/elconquistadorredloslagos.cl\/test\/wp-json\/wp\/v2\/media\/20846"}],"wp:attachment":[{"href":"https:\/\/elconquistadorredloslagos.cl\/test\/wp-json\/wp\/v2\/media?parent=20845"}],"wp:term":[{"taxonomy":"category","embeddable":true,"href":"https:\/\/elconquistadorredloslagos.cl\/test\/wp-json\/wp\/v2\/categories?post=20845"},{"taxonomy":"post_tag","embeddable":true,"href":"https:\/\/elconquistadorredloslagos.cl\/test\/wp-json\/wp\/v2\/tags?post=20845"}],"curies":[{"name":"wp","href":"https:\/\/api.w.org\/{rel}","templated":true}]}}