{"id":20840,"date":"2026-04-28T16:35:59","date_gmt":"2026-04-28T20:35:59","guid":{"rendered":"https:\/\/elconquistadorredloslagos.cl\/test\/?p=20840"},"modified":"2026-04-28T16:36:00","modified_gmt":"2026-04-28T20:36:00","slug":"hospital-de-quellon-realiza-feria-participativa-en-el-marco-de-la-semana-mundial-de-la-seguridad-y-salud-en-el-trabajo","status":"publish","type":"post","link":"https:\/\/elconquistadorredloslagos.cl\/test\/blog\/2026\/04\/28\/hospital-de-quellon-realiza-feria-participativa-en-el-marco-de-la-semana-mundial-de-la-seguridad-y-salud-en-el-trabajo\/","title":{"rendered":"Hospital de Quell\u00f3n realiza Feria Participativa en el marco de la semana mundial de la seguridad y salud en el trabajo"},"content":{"rendered":"\n<p>En el marco de la Semana Mundial de la Seguridad y Salud en el Trabajo, el equipo de Calidad de Vida del Hospital de Quell\u00f3n llev\u00f3 a cabo una feria participativa, desarrollada en ambos establecimientos, tanto en el Hospital Actual como en el Nuevo Hospital de Quell\u00f3n con el objetivo de fortalecer el bienestar y la salud ocupacional de las y los funcionarios del recinto.<\/p>\n\n\n\n<p>La actividad contempl\u00f3 la instalaci\u00f3n de diversos stand informativos, orientados a entregar herramientas y orientaci\u00f3n en materias como salud funcionaria, calidad de vida laboral, convenios institucionales y orientaciones de salud mental, entre otras tem\u00e1ticas.<\/p>\n\n\n\n<p>Al respecto, Mat\u00edas Forcael, jefe (s) de la Unidad de Calidad de Vida del Hospital de Quell\u00f3n, hizo hincapi\u00e9 en los alcances de la jornada. <\/p>\n\n\n\n<figure class=\"wp-block-audio\"><audio controls src=\"https:\/\/elconquistadorredloslagos.cl\/test\/wp-content\/uploads\/2026\/04\/Hospital-Quellon.mp3\"><\/audio><\/figure>\n\n\n\n<p>Esta instancia permiti\u00f3 generar un espacio cercano y din\u00e1mico de interacci\u00f3n con los equipos, promoviendo el acceso a informaci\u00f3n relevante y reforzando el compromiso institucional con el cuidado integral de sus funcionarios y funcionarias.<\/p>\n","protected":false},"excerpt":{"rendered":"<p>En el marco de la Semana Mundial de la Seguridad y Salud en el Trabajo, el equipo de Calidad de Vida del Hospital de Quell\u00f3n llev\u00f3 a cabo una feria..<\/p>\n","protected":false},"author":2,"featured_media":20842,"comment_status":"closed","ping_status":"open","sticky":false,"template":"","format":"standard","meta":{"footnotes":""},"categories":[1,28,51],"tags":[],"class_list":["post-20840","post","type-post","status-publish","format-standard","has-post-thumbnail","hentry","category-acontecer","category-actual","category-chiloe"],"rttpg_featured_image_url":{"full":["https:\/\/elconquistadorredloslagos.cl\/test\/wp-content\/uploads\/2026\/04\/Diseno-sin-titulo-61.jpg",1920,1080,false],"landscape":["https:\/\/elconquistadorredloslagos.cl\/test\/wp-content\/uploads\/2026\/04\/Diseno-sin-titulo-61.jpg",1920,1080,false],"portraits":["https:\/\/elconquistadorredloslagos.cl\/test\/wp-content\/uploads\/2026\/04\/Diseno-sin-titulo-61.jpg",1920,1080,false],"thumbnail":["https:\/\/elconquistadorredloslagos.cl\/test\/wp-content\/uploads\/2026\/04\/Diseno-sin-titulo-61-150x150.jpg",150,150,true],"medium":["https:\/\/elconquistadorredloslagos.cl\/test\/wp-content\/uploads\/2026\/04\/Diseno-sin-titulo-61-300x169.jpg",300,169,true],"large":["https:\/\/elconquistadorredloslagos.cl\/test\/wp-content\/uploads\/2026\/04\/Diseno-sin-titulo-61-1024x576.jpg",1024,576,true],"1536x1536":["https:\/\/elconquistadorredloslagos.cl\/test\/wp-content\/uploads\/2026\/04\/Diseno-sin-titulo-61-1536x864.jpg",1536,864,true],"2048x2048":["https:\/\/elconquistadorredloslagos.cl\/test\/wp-content\/uploads\/2026\/04\/Diseno-sin-titulo-61.jpg",1920,1080,false]},"rttpg_author":{"display_name":"ccardenas","author_link":"https:\/\/elconquistadorredloslagos.cl\/test\/blog\/author\/ccardenas\/"},"rttpg_comment":0,"rttpg_category":"<a href=\"https:\/\/elconquistadorredloslagos.cl\/test\/blog\/category\/actual\/acontecer\/\" rel=\"category tag\">Acontecer<\/a> <a href=\"https:\/\/elconquistadorredloslagos.cl\/test\/blog\/category\/actual\/\" rel=\"category tag\">Actualidad<\/a> <a href=\"https:\/\/elconquistadorredloslagos.cl\/test\/blog\/category\/chile\/chiloe\/\" rel=\"category tag\">Chilo\u00e9<\/a>","rttpg_excerpt":"En el marco de la Semana Mundial de la Seguridad y Salud en el Trabajo, el equipo de Calidad de Vida del Hospital de Quell\u00f3n llev\u00f3 a cabo una feria..","_links":{"self":[{"href":"https:\/\/elconquistadorredloslagos.cl\/test\/wp-json\/wp\/v2\/posts\/20840","targetHints":{"allow":["GET"]}}],"collection":[{"href":"https:\/\/elconquistadorredloslagos.cl\/test\/wp-json\/wp\/v2\/posts"}],"about":[{"href":"https:\/\/elconquistadorredloslagos.cl\/test\/wp-json\/wp\/v2\/types\/post"}],"author":[{"embeddable":true,"href":"https:\/\/elconquistadorredloslagos.cl\/test\/wp-json\/wp\/v2\/users\/2"}],"replies":[{"embeddable":true,"href":"https:\/\/elconquistadorredloslagos.cl\/test\/wp-json\/wp\/v2\/comments?post=20840"}],"version-history":[{"count":1,"href":"https:\/\/elconquistadorredloslagos.cl\/test\/wp-json\/wp\/v2\/posts\/20840\/revisions"}],"predecessor-version":[{"id":20843,"href":"https:\/\/elconquistadorredloslagos.cl\/test\/wp-json\/wp\/v2\/posts\/20840\/revisions\/20843"}],"wp:featuredmedia":[{"embeddable":true,"href":"https:\/\/elconquistadorredloslagos.cl\/test\/wp-json\/wp\/v2\/media\/20842"}],"wp:attachment":[{"href":"https:\/\/elconquistadorredloslagos.cl\/test\/wp-json\/wp\/v2\/media?parent=20840"}],"wp:term":[{"taxonomy":"category","embeddable":true,"href":"https:\/\/elconquistadorredloslagos.cl\/test\/wp-json\/wp\/v2\/categories?post=20840"},{"taxonomy":"post_tag","embeddable":true,"href":"https:\/\/elconquistadorredloslagos.cl\/test\/wp-json\/wp\/v2\/tags?post=20840"}],"curies":[{"name":"wp","href":"https:\/\/api.w.org\/{rel}","templated":true}]}}