{"id":20837,"date":"2026-04-28T16:27:45","date_gmt":"2026-04-28T20:27:45","guid":{"rendered":"https:\/\/elconquistadorredloslagos.cl\/test\/?p=20837"},"modified":"2026-04-28T16:27:46","modified_gmt":"2026-04-28T20:27:46","slug":"nuevo-hospital-de-ancud-fortalecera-su-capacidad-de-respuesta-con-moderno-equipamiento-para-emergencias","status":"publish","type":"post","link":"https:\/\/elconquistadorredloslagos.cl\/test\/blog\/2026\/04\/28\/nuevo-hospital-de-ancud-fortalecera-su-capacidad-de-respuesta-con-moderno-equipamiento-para-emergencias\/","title":{"rendered":"Nuevo Hospital de Ancud fortalecer\u00e1 su capacidad de respuesta con moderno equipamiento para emergencias"},"content":{"rendered":"\n<p>La incorporaci\u00f3n de 20 carros de paro cl\u00ednico marca un nuevo avance en la habilitaci\u00f3n del futuro Hospital San Carlos de Ancud, reforzando su preparaci\u00f3n para enfrentar situaciones de riesgo vital con mayor rapidez y seguridad.<\/p>\n\n\n\n<p>En este contexto, el Servicio de Salud Chilo\u00e9 realiz\u00f3 una jornada t\u00e9cnica para la recepci\u00f3n, armado y verificaci\u00f3n de estos equipos, con participaci\u00f3n de profesionales y representantes del proveedor, asegurando su correcto funcionamiento en las distintas unidades cl\u00ednicas.<\/p>\n\n\n\n<p>Cada carro est\u00e1 equipado con tecnolog\u00eda de alta complejidad, incluyendo monitores desfibriladores de \u00faltima generaci\u00f3n, adaptables a pacientes adultos, pedi\u00e1tricos y neonatales, lo que permite una respuesta integral ante emergencias.<\/p>\n\n\n\n<p>Desde el equipo m\u00e9dico destacaron que estos dispositivos facilitan el acceso inmediato a medicamentos e insumos cr\u00edticos, fundamentales para enfrentar eventos como paros cardiorrespiratorios o complicaciones respiratorias severas.<\/p>\n\n\n\n<p>La distribuci\u00f3n estrat\u00e9gica de los equipos responde a las caracter\u00edsticas del nuevo recinto, permitiendo una cobertura oportuna en todos sus sectores. Este avance se enmarca en las exigencias del Ministerio de Salud y acerca al hospital a su pronta puesta en marcha, con est\u00e1ndares modernos y una atenci\u00f3n m\u00e1s segura para la comunidad.<\/p>\n","protected":false},"excerpt":{"rendered":"<p>La incorporaci\u00f3n de 20 carros de paro cl\u00ednico marca un nuevo avance en la habilitaci\u00f3n del futuro Hospital San Carlos de Ancud, reforzando su preparaci\u00f3n para enfrentar situaciones de riesgo..<\/p>\n","protected":false},"author":2,"featured_media":20838,"comment_status":"closed","ping_status":"open","sticky":false,"template":"","format":"standard","meta":{"footnotes":""},"categories":[1,28,51],"tags":[],"class_list":["post-20837","post","type-post","status-publish","format-standard","has-post-thumbnail","hentry","category-acontecer","category-actual","category-chiloe"],"rttpg_featured_image_url":{"full":["https:\/\/elconquistadorredloslagos.cl\/test\/wp-content\/uploads\/2026\/04\/Diseno-sin-titulo-60.jpg",1920,1080,false],"landscape":["https:\/\/elconquistadorredloslagos.cl\/test\/wp-content\/uploads\/2026\/04\/Diseno-sin-titulo-60.jpg",1920,1080,false],"portraits":["https:\/\/elconquistadorredloslagos.cl\/test\/wp-content\/uploads\/2026\/04\/Diseno-sin-titulo-60.jpg",1920,1080,false],"thumbnail":["https:\/\/elconquistadorredloslagos.cl\/test\/wp-content\/uploads\/2026\/04\/Diseno-sin-titulo-60-150x150.jpg",150,150,true],"medium":["https:\/\/elconquistadorredloslagos.cl\/test\/wp-content\/uploads\/2026\/04\/Diseno-sin-titulo-60-300x169.jpg",300,169,true],"large":["https:\/\/elconquistadorredloslagos.cl\/test\/wp-content\/uploads\/2026\/04\/Diseno-sin-titulo-60-1024x576.jpg",1024,576,true],"1536x1536":["https:\/\/elconquistadorredloslagos.cl\/test\/wp-content\/uploads\/2026\/04\/Diseno-sin-titulo-60-1536x864.jpg",1536,864,true],"2048x2048":["https:\/\/elconquistadorredloslagos.cl\/test\/wp-content\/uploads\/2026\/04\/Diseno-sin-titulo-60.jpg",1920,1080,false]},"rttpg_author":{"display_name":"ccardenas","author_link":"https:\/\/elconquistadorredloslagos.cl\/test\/blog\/author\/ccardenas\/"},"rttpg_comment":0,"rttpg_category":"<a href=\"https:\/\/elconquistadorredloslagos.cl\/test\/blog\/category\/actual\/acontecer\/\" rel=\"category tag\">Acontecer<\/a> <a href=\"https:\/\/elconquistadorredloslagos.cl\/test\/blog\/category\/actual\/\" rel=\"category tag\">Actualidad<\/a> <a href=\"https:\/\/elconquistadorredloslagos.cl\/test\/blog\/category\/chile\/chiloe\/\" rel=\"category tag\">Chilo\u00e9<\/a>","rttpg_excerpt":"La incorporaci\u00f3n de 20 carros de paro cl\u00ednico marca un nuevo avance en la habilitaci\u00f3n del futuro Hospital San Carlos de Ancud, reforzando su preparaci\u00f3n para enfrentar situaciones de riesgo..","_links":{"self":[{"href":"https:\/\/elconquistadorredloslagos.cl\/test\/wp-json\/wp\/v2\/posts\/20837","targetHints":{"allow":["GET"]}}],"collection":[{"href":"https:\/\/elconquistadorredloslagos.cl\/test\/wp-json\/wp\/v2\/posts"}],"about":[{"href":"https:\/\/elconquistadorredloslagos.cl\/test\/wp-json\/wp\/v2\/types\/post"}],"author":[{"embeddable":true,"href":"https:\/\/elconquistadorredloslagos.cl\/test\/wp-json\/wp\/v2\/users\/2"}],"replies":[{"embeddable":true,"href":"https:\/\/elconquistadorredloslagos.cl\/test\/wp-json\/wp\/v2\/comments?post=20837"}],"version-history":[{"count":1,"href":"https:\/\/elconquistadorredloslagos.cl\/test\/wp-json\/wp\/v2\/posts\/20837\/revisions"}],"predecessor-version":[{"id":20839,"href":"https:\/\/elconquistadorredloslagos.cl\/test\/wp-json\/wp\/v2\/posts\/20837\/revisions\/20839"}],"wp:featuredmedia":[{"embeddable":true,"href":"https:\/\/elconquistadorredloslagos.cl\/test\/wp-json\/wp\/v2\/media\/20838"}],"wp:attachment":[{"href":"https:\/\/elconquistadorredloslagos.cl\/test\/wp-json\/wp\/v2\/media?parent=20837"}],"wp:term":[{"taxonomy":"category","embeddable":true,"href":"https:\/\/elconquistadorredloslagos.cl\/test\/wp-json\/wp\/v2\/categories?post=20837"},{"taxonomy":"post_tag","embeddable":true,"href":"https:\/\/elconquistadorredloslagos.cl\/test\/wp-json\/wp\/v2\/tags?post=20837"}],"curies":[{"name":"wp","href":"https:\/\/api.w.org\/{rel}","templated":true}]}}