{"id":20825,"date":"2026-04-28T16:09:49","date_gmt":"2026-04-28T20:09:49","guid":{"rendered":"https:\/\/elconquistadorredloslagos.cl\/test\/?p=20825"},"modified":"2026-04-28T16:09:50","modified_gmt":"2026-04-28T20:09:50","slug":"hospital-de-castro-realiza-cirugias-de-alta-complejidad-en-patologias-del-piso-pelvico","status":"publish","type":"post","link":"https:\/\/elconquistadorredloslagos.cl\/test\/blog\/2026\/04\/28\/hospital-de-castro-realiza-cirugias-de-alta-complejidad-en-patologias-del-piso-pelvico\/","title":{"rendered":"Hospital de Castro realiza cirug\u00edas de alta complejidad en patolog\u00edas del piso p\u00e9lvico"},"content":{"rendered":"\n<p>Una destacada jornada quir\u00fargica realizada el 24 de abril permiti\u00f3 tratar casos de alta complejidad asociados a prolapso rectal e incontinencia fecal, patolog\u00edas que impactan significativamente la calidad de vida de los pacientes.<\/p>\n\n\n\n<p>La instancia cont\u00f3 con la participaci\u00f3n del coloproct\u00f3logo Jos\u00e9 Vivanco, especialista de Cl\u00ednica Biob\u00edo y docente de la Universidad de Concepci\u00f3n.<\/p>\n\n\n\n<figure class=\"wp-block-audio\"><audio controls src=\"https:\/\/elconquistadorredloslagos.cl\/test\/wp-content\/uploads\/2026\/04\/JOSE-VIVANCO.mp3\"><\/audio><\/figure>\n\n\n\n<p>El equipo local estuvo liderado por el doctor Marcos Carvajal. Durante la jornada se efectuaron procedimientos poco frecuentes en el sistema p\u00fablico, como una rectopexia ventral laparosc\u00f3pica y una cirug\u00eda de Altemeier.<\/p>\n\n\n\n<figure class=\"wp-block-audio\"><audio controls src=\"https:\/\/elconquistadorredloslagos.cl\/test\/wp-content\/uploads\/2026\/04\/CARVAJAL.mp3\"><\/audio><\/figure>\n\n\n\n<p>Desde el equipo m\u00e9dico destacaron la importancia del trabajo conjunto entre especialidades como ginecolog\u00eda, urolog\u00eda y coloproctolog\u00eda, clave para un abordaje integral de estas patolog\u00edas.<\/p>\n\n\n\n<p>Una de las pacientes intervenidas, Mar\u00eda Jos\u00e9 Quintul, valor\u00f3 positivamente su recuperaci\u00f3n, resaltando la mejora en su calidad de vida tras la cirug\u00eda.<\/p>\n\n\n\n<figure class=\"wp-block-audio\"><audio controls src=\"https:\/\/elconquistadorredloslagos.cl\/test\/wp-content\/uploads\/2026\/04\/USUARIA.mp3\"><\/audio><\/figure>\n\n\n\n<p>La actividad fue posible gracias a la coordinaci\u00f3n del equipo cl\u00ednico y quir\u00fargico, reforzando la capacidad resolutiva del establecimiento y permitiendo avanzar en la atenci\u00f3n de casos complejos mediante estrategias colaborativas.<\/p>\n","protected":false},"excerpt":{"rendered":"<p>Una destacada jornada quir\u00fargica realizada el 24 de abril permiti\u00f3 tratar casos de alta complejidad asociados a prolapso rectal e incontinencia fecal, patolog\u00edas que impactan significativamente la calidad de vida..<\/p>\n","protected":false},"author":2,"featured_media":20829,"comment_status":"closed","ping_status":"open","sticky":false,"template":"","format":"standard","meta":{"footnotes":""},"categories":[1,28,51],"tags":[],"class_list":["post-20825","post","type-post","status-publish","format-standard","has-post-thumbnail","hentry","category-acontecer","category-actual","category-chiloe"],"rttpg_featured_image_url":{"full":["https:\/\/elconquistadorredloslagos.cl\/test\/wp-content\/uploads\/2026\/04\/Diseno-sin-titulo-58.jpg",1920,1080,false],"landscape":["https:\/\/elconquistadorredloslagos.cl\/test\/wp-content\/uploads\/2026\/04\/Diseno-sin-titulo-58.jpg",1920,1080,false],"portraits":["https:\/\/elconquistadorredloslagos.cl\/test\/wp-content\/uploads\/2026\/04\/Diseno-sin-titulo-58.jpg",1920,1080,false],"thumbnail":["https:\/\/elconquistadorredloslagos.cl\/test\/wp-content\/uploads\/2026\/04\/Diseno-sin-titulo-58-150x150.jpg",150,150,true],"medium":["https:\/\/elconquistadorredloslagos.cl\/test\/wp-content\/uploads\/2026\/04\/Diseno-sin-titulo-58-300x169.jpg",300,169,true],"large":["https:\/\/elconquistadorredloslagos.cl\/test\/wp-content\/uploads\/2026\/04\/Diseno-sin-titulo-58-1024x576.jpg",1024,576,true],"1536x1536":["https:\/\/elconquistadorredloslagos.cl\/test\/wp-content\/uploads\/2026\/04\/Diseno-sin-titulo-58-1536x864.jpg",1536,864,true],"2048x2048":["https:\/\/elconquistadorredloslagos.cl\/test\/wp-content\/uploads\/2026\/04\/Diseno-sin-titulo-58.jpg",1920,1080,false]},"rttpg_author":{"display_name":"ccardenas","author_link":"https:\/\/elconquistadorredloslagos.cl\/test\/blog\/author\/ccardenas\/"},"rttpg_comment":0,"rttpg_category":"<a href=\"https:\/\/elconquistadorredloslagos.cl\/test\/blog\/category\/actual\/acontecer\/\" rel=\"category tag\">Acontecer<\/a> <a href=\"https:\/\/elconquistadorredloslagos.cl\/test\/blog\/category\/actual\/\" rel=\"category tag\">Actualidad<\/a> <a href=\"https:\/\/elconquistadorredloslagos.cl\/test\/blog\/category\/chile\/chiloe\/\" rel=\"category tag\">Chilo\u00e9<\/a>","rttpg_excerpt":"Una destacada jornada quir\u00fargica realizada el 24 de abril permiti\u00f3 tratar casos de alta complejidad asociados a prolapso rectal e incontinencia fecal, patolog\u00edas que impactan significativamente la calidad de vida..","_links":{"self":[{"href":"https:\/\/elconquistadorredloslagos.cl\/test\/wp-json\/wp\/v2\/posts\/20825","targetHints":{"allow":["GET"]}}],"collection":[{"href":"https:\/\/elconquistadorredloslagos.cl\/test\/wp-json\/wp\/v2\/posts"}],"about":[{"href":"https:\/\/elconquistadorredloslagos.cl\/test\/wp-json\/wp\/v2\/types\/post"}],"author":[{"embeddable":true,"href":"https:\/\/elconquistadorredloslagos.cl\/test\/wp-json\/wp\/v2\/users\/2"}],"replies":[{"embeddable":true,"href":"https:\/\/elconquistadorredloslagos.cl\/test\/wp-json\/wp\/v2\/comments?post=20825"}],"version-history":[{"count":1,"href":"https:\/\/elconquistadorredloslagos.cl\/test\/wp-json\/wp\/v2\/posts\/20825\/revisions"}],"predecessor-version":[{"id":20830,"href":"https:\/\/elconquistadorredloslagos.cl\/test\/wp-json\/wp\/v2\/posts\/20825\/revisions\/20830"}],"wp:featuredmedia":[{"embeddable":true,"href":"https:\/\/elconquistadorredloslagos.cl\/test\/wp-json\/wp\/v2\/media\/20829"}],"wp:attachment":[{"href":"https:\/\/elconquistadorredloslagos.cl\/test\/wp-json\/wp\/v2\/media?parent=20825"}],"wp:term":[{"taxonomy":"category","embeddable":true,"href":"https:\/\/elconquistadorredloslagos.cl\/test\/wp-json\/wp\/v2\/categories?post=20825"},{"taxonomy":"post_tag","embeddable":true,"href":"https:\/\/elconquistadorredloslagos.cl\/test\/wp-json\/wp\/v2\/tags?post=20825"}],"curies":[{"name":"wp","href":"https:\/\/api.w.org\/{rel}","templated":true}]}}