{"id":20786,"date":"2026-04-28T12:50:53","date_gmt":"2026-04-28T16:50:53","guid":{"rendered":"https:\/\/elconquistadorredloslagos.cl\/test\/?p=20786"},"modified":"2026-04-28T12:50:53","modified_gmt":"2026-04-28T16:50:53","slug":"programa-mira-para-arriba-de-saesa-concientiza-sobre-seguridad-y-prevencion-en-las-provincias-de-llanquihue-y-palena","status":"publish","type":"post","link":"https:\/\/elconquistadorredloslagos.cl\/test\/blog\/2026\/04\/28\/programa-mira-para-arriba-de-saesa-concientiza-sobre-seguridad-y-prevencion-en-las-provincias-de-llanquihue-y-palena\/","title":{"rendered":"Programa \u201cMira para Arriba\u201d de Saesa concientiza sobre seguridad y prevenci\u00f3n en las provincias de Llanquihue y Palena"},"content":{"rendered":"\n<p><em><strong>Con el objetivo de prevenir y evitar los riesgos por contacto el\u00e9ctrico, Saesa contin\u00faa con una<br>intensa campa\u00f1a de prevenci\u00f3n en las provincias de Llanquihue y Palena dirigida a empresas,<br>municipios y organizaciones sociales.<\/strong><\/em><\/p>\n\n\n\n<p>El programa \u201cMira para Arriba\u201d de Grupo Saesa contempla la realizaci\u00f3n de charlas<br>de capacitaci\u00f3n y concientizaci\u00f3n, dirigidas a organizaciones, trabajadores, clientes y vecinos,<br>enfocadas a entregar recomendaciones sobre c\u00f3mo actuar de forma segura al realizar trabajos<br>cerca del tendido el\u00e9ctrico y las medidas de seguridad necesarias para evitar accidentes.&nbsp;<br>Durante el a\u00f1o 2026 se realizaron charlas de capacitaci\u00f3n en comunas y localidades como Puerto<br>Varas, Puerto Montt, Frutillar, Maull\u00edn, Calbuco, Hornopir\u00e9n, Rolecha, Contao y Ayacara, dirigidas<br>a trabajadores, empresa y vecinos,&nbsp;con el fin de concientizar sobre los riesgos a la hora de ejecutar<br>trabajos cerca de l\u00edneas de baja y media tensi\u00f3n, profundizando en&nbsp;las medidas que se deben<br>adoptar para ejecutar faenas de forma segura.<br>La instructora preventiva&nbsp;y encargada del programa, Marcela Ulloa, hace un llamado a los vecinos<br>a sumarse al programa: \u201cInvitamos a todas las personas interesadas en participar, as\u00ed como<br>empresas y trabajadores de la zona, especialmente de los rubros de la construcci\u00f3n, \u00e1ridos, obras<br>viales, agr\u00edcolas y forestales, a nuestras charlas gratuitas. \u201cEl ejecutar faenas cerca o bajo las l\u00edneas<br>el\u00e9ctricas, reviste un peligro evidente, para quien lo realiza como para el resto de la comunidad, ya<br>que pudiera ver afectada su seguridad como la continuidad del suministro el\u00e9ctrico producto de<br>estos trabajos\u201d, coment\u00f3.&nbsp;<br>Por su parte, Francisco Fern\u00e1ndez, jefe de Servicio al Cliente de Saesa en Puerto Montt manifest\u00f3<br>que&nbsp;\u201ccomo empresa nos enorgullece poder generar espacios de capacitaci\u00f3n, con los cuales<br>tenemos la oportunidad de colaborar entregando informaci\u00f3n sobre nuestro trabajo y abordar<br>conceptos como la seguridad al momento de ejecutar faenas en cercan\u00edas de instalaciones<br>el\u00e9ctricas, por lo que invitamos a nuestros vecinos a sumarse a esta iniciativa y participar de esta<br>oportunidad de capacitaci\u00f3n\u201d.&nbsp;<br>Yocelyn Inostroza, Prevencionista de Riesgos de Constructora Badinotti, coment\u00f3, \u201cla charla<br>estuvo muy informativa y pr\u00e1ctica. Se abordaron temas que normalmente uno no analiza en el d\u00eda<br>a d\u00eda, sobre los riesgos reales al trabajar cerca de tendidos el\u00e9ctricos y c\u00f3mo enfrentarlos. Este<br>tipo de charlas ayudan a generar conciencia y a prevenir accidentes, entregando informaci\u00f3n y<br>medidas que muchas veces no se escuchan en capacitaciones comunes y la recomiendo a todo<br>tipo de rubros, ya que aporta conocimientos \u00fatiles para cualquier trabajador que pueda verse<br>expuesto a riesgos el\u00e9ctricos directa o indirectamente\u201d.<br>En ese mismo sentido, la ejecutiva de Saesa se\u00f1al\u00f3 que \u201cel objetivo de este programa es educar y<br>crear conciencia sobre posibles accidentes que pueden ocurrir al trabajar o realizar actividades en<br>cercan\u00eda de la red el\u00e9ctrica proporcionando medidas preventivas para reducir este riesgo, por lo<br>tanto, es muy importante siempre mirar para arriba al realizar estas labores\u201d.<\/p>\n\n\n\n<p>Valeska Oyarzo, prevencionista de riesgos de la Municipalidad de Calbuco, manifest\u00f3 \u201cquiero dar<br>las gracias a Grupo Saesa porque nos vinieron a dar una charla sobre riesgo el\u00e9ctrico, y as\u00ed en<br>terrenos poder entregar un servicio m\u00e1s seguro, implementando medidas preventivas,<br>aumentando as\u00ed el conocimiento y aminorar los riesgos para todos nuestros trabajadores\u201d.<br>Cristian V\u00e9liz, supervisor de planta externa de Patagonia IP en Puerto Varas, manifest\u00f3 que \u201cesta<br>es una muy buena instancia de capacitaci\u00f3n, para reforzar la seguridad en el trabajo diario,<br>agradezco a Saesa por esta charla\u00bb.<br>Estas iniciativas son un esfuerzo constante de Saesa para fomentar una cultura de seguridad y<br>prevenci\u00f3n frente a los riesgos el\u00e9ctricos en todos tipos de \u00e1mbitos. Para solicitar una charla<br>gratuita para un gremio, organizaci\u00f3n o empresa, lo puede hacer llamando al tel\u00e9fono +56<br>974692027 o ingresando a https:\/\/web.gruposaesa.cl\/web\/saesa\/mira-para-arriba, en el bot\u00f3n<br>\u201csolicita tu charla\u201d.<br>El programa \u201cMira Para Arriba\u201d comenz\u00f3 a fines del a\u00f1o 2018 y a la fecha se han efectuado charlas<br>a m\u00e1s de 22 mil clientes entre las regiones de \u00d1uble y Ays\u00e9n. Durante el a\u00f1o 2025, participaron del<br>programa m\u00e1s de 780 personas en las provincias de Llanquihue y Palena.<\/p>\n","protected":false},"excerpt":{"rendered":"<p>Con el objetivo de prevenir y evitar los riesgos por contacto el\u00e9ctrico, Saesa contin\u00faa con unaintensa campa\u00f1a de prevenci\u00f3n en las provincias de Llanquihue y Palena dirigida a empresas,municipios y..<\/p>\n","protected":false},"author":8,"featured_media":20787,"comment_status":"closed","ping_status":"open","sticky":false,"template":"","format":"standard","meta":{"footnotes":""},"categories":[28],"tags":[],"class_list":["post-20786","post","type-post","status-publish","format-standard","has-post-thumbnail","hentry","category-actual"],"rttpg_featured_image_url":{"full":["https:\/\/elconquistadorredloslagos.cl\/test\/wp-content\/uploads\/2026\/04\/Referencial-Constructora-Badinotti.jpeg",1440,1440,false],"landscape":["https:\/\/elconquistadorredloslagos.cl\/test\/wp-content\/uploads\/2026\/04\/Referencial-Constructora-Badinotti.jpeg",1440,1440,false],"portraits":["https:\/\/elconquistadorredloslagos.cl\/test\/wp-content\/uploads\/2026\/04\/Referencial-Constructora-Badinotti.jpeg",1440,1440,false],"thumbnail":["https:\/\/elconquistadorredloslagos.cl\/test\/wp-content\/uploads\/2026\/04\/Referencial-Constructora-Badinotti-150x150.jpeg",150,150,true],"medium":["https:\/\/elconquistadorredloslagos.cl\/test\/wp-content\/uploads\/2026\/04\/Referencial-Constructora-Badinotti-300x300.jpeg",300,300,true],"large":["https:\/\/elconquistadorredloslagos.cl\/test\/wp-content\/uploads\/2026\/04\/Referencial-Constructora-Badinotti-1024x1024.jpeg",1024,1024,true],"1536x1536":["https:\/\/elconquistadorredloslagos.cl\/test\/wp-content\/uploads\/2026\/04\/Referencial-Constructora-Badinotti.jpeg",1440,1440,false],"2048x2048":["https:\/\/elconquistadorredloslagos.cl\/test\/wp-content\/uploads\/2026\/04\/Referencial-Constructora-Badinotti.jpeg",1440,1440,false]},"rttpg_author":{"display_name":"cmansilla","author_link":"https:\/\/elconquistadorredloslagos.cl\/test\/blog\/author\/cmansilla\/"},"rttpg_comment":0,"rttpg_category":"<a href=\"https:\/\/elconquistadorredloslagos.cl\/test\/blog\/category\/actual\/\" rel=\"category tag\">Actualidad<\/a>","rttpg_excerpt":"Con el objetivo de prevenir y evitar los riesgos por contacto el\u00e9ctrico, Saesa contin\u00faa con unaintensa campa\u00f1a de prevenci\u00f3n en las provincias de Llanquihue y Palena dirigida a empresas,municipios y..","_links":{"self":[{"href":"https:\/\/elconquistadorredloslagos.cl\/test\/wp-json\/wp\/v2\/posts\/20786","targetHints":{"allow":["GET"]}}],"collection":[{"href":"https:\/\/elconquistadorredloslagos.cl\/test\/wp-json\/wp\/v2\/posts"}],"about":[{"href":"https:\/\/elconquistadorredloslagos.cl\/test\/wp-json\/wp\/v2\/types\/post"}],"author":[{"embeddable":true,"href":"https:\/\/elconquistadorredloslagos.cl\/test\/wp-json\/wp\/v2\/users\/8"}],"replies":[{"embeddable":true,"href":"https:\/\/elconquistadorredloslagos.cl\/test\/wp-json\/wp\/v2\/comments?post=20786"}],"version-history":[{"count":1,"href":"https:\/\/elconquistadorredloslagos.cl\/test\/wp-json\/wp\/v2\/posts\/20786\/revisions"}],"predecessor-version":[{"id":20788,"href":"https:\/\/elconquistadorredloslagos.cl\/test\/wp-json\/wp\/v2\/posts\/20786\/revisions\/20788"}],"wp:featuredmedia":[{"embeddable":true,"href":"https:\/\/elconquistadorredloslagos.cl\/test\/wp-json\/wp\/v2\/media\/20787"}],"wp:attachment":[{"href":"https:\/\/elconquistadorredloslagos.cl\/test\/wp-json\/wp\/v2\/media?parent=20786"}],"wp:term":[{"taxonomy":"category","embeddable":true,"href":"https:\/\/elconquistadorredloslagos.cl\/test\/wp-json\/wp\/v2\/categories?post=20786"},{"taxonomy":"post_tag","embeddable":true,"href":"https:\/\/elconquistadorredloslagos.cl\/test\/wp-json\/wp\/v2\/tags?post=20786"}],"curies":[{"name":"wp","href":"https:\/\/api.w.org\/{rel}","templated":true}]}}