{"id":20776,"date":"2026-04-27T13:43:42","date_gmt":"2026-04-27T17:43:42","guid":{"rendered":"https:\/\/elconquistadorredloslagos.cl\/test\/?p=20776"},"modified":"2026-04-27T13:43:42","modified_gmt":"2026-04-27T17:43:42","slug":"dalcahue-conmemoro-aniversario-de-carabineros-en-la-tenencia-local-con-saludo-de-la-alcaldesa","status":"publish","type":"post","link":"https:\/\/elconquistadorredloslagos.cl\/test\/blog\/2026\/04\/27\/dalcahue-conmemoro-aniversario-de-carabineros-en-la-tenencia-local-con-saludo-de-la-alcaldesa\/","title":{"rendered":"Dalcahue conmemor\u00f3 aniversario de Carabineros en la Tenencia local con saludo de la alcaldesa"},"content":{"rendered":"\n<p>En el marco del aniversario n\u00famero 99 de Carabineros de Chile, en la comuna de Dalcahue la conmemoraci\u00f3n se desarroll\u00f3 en la Tenencia local, instancia donde la alcaldesa Alejandra Villegas expres\u00f3 un afectuoso y sincero saludo a cada uno de los hombres y mujeres que integran esta instituci\u00f3n, destacando su compromiso con el servicio p\u00fablico, la disciplina y la vocaci\u00f3n de proteger a la ciudadan\u00eda como pilares fundamentales para la vida en comunidad y, asimismo, hizo entrega de la medalla Bicentenario al jefe de tenencia a petici\u00f3n de los vecinos de toda la comuna de Dalcahue.<\/p>\n\n\n\n<p>La autoridad comunal relev\u00f3 tambi\u00e9n que este reconocimiento no solo apunta a la labor profesional que desarrollan diariamente \u2014muchas veces en condiciones complejas\u2014, sino tambi\u00e9n al ser humano que hay detr\u00e1s del uniforme. En ese contexto, extendi\u00f3 un especial agradecimiento a sus familias, quienes acompa\u00f1an con orgullo, pero tambi\u00e9n con sacrificio, siendo parte esencial de este compromiso con Chile y sus comunidades.<\/p>\n\n\n\n<p>Asimismo, la alcaldesa destac\u00f3 que en Dalcahue y en toda la provincia de Chilo\u00e9 se valora profundamente el trabajo que realiza Carabineros en materia de seguridad, prevenci\u00f3n y cercan\u00eda con los vecinos, subrayando que su presencia no solo brinda resguardo, sino tambi\u00e9n tranquilidad y confianza, elementos clave para seguir construyendo una comuna y un pa\u00eds m\u00e1s seguro y unido.<\/p>\n\n\n\n<p>Finalmente, en este nuevo aniversario, Alejandra Villegas reafirm\u00f3 el respeto y reconocimiento de la comuna hacia la instituci\u00f3n, dese\u00e1ndoles fortaleza, vocaci\u00f3n y \u00e9xito en su labor diaria, proyectando que el camino hacia su centenario contin\u00fae marcado por el servicio, la humanidad y el compromiso con cada rinc\u00f3n del territorio.<\/p>\n\n\n\n<figure class=\"wp-block-audio\"><audio controls src=\"https:\/\/elconquistadorredloslagos.cl\/test\/wp-content\/uploads\/2026\/04\/ALCALDESA-ANIVERSARIO-CARABINEROS.mp3\"><\/audio><\/figure>\n\n\n\n<figure class=\"wp-block-gallery has-nested-images columns-default is-cropped wp-block-gallery-1 is-layout-flex wp-block-gallery-is-layout-flex\">\n<figure class=\"wp-block-image size-large\"><img loading=\"lazy\" decoding=\"async\" width=\"1024\" height=\"684\" data-id=\"20778\" src=\"https:\/\/elconquistadorredloslagos.cl\/test\/wp-content\/uploads\/2026\/04\/INTERIOR-1024x684.jpeg\" alt=\"\" class=\"wp-image-20778\" \/><\/figure>\n<\/figure>\n","protected":false},"excerpt":{"rendered":"<p>En el marco del aniversario n\u00famero 99 de Carabineros de Chile, en la comuna de Dalcahue la conmemoraci\u00f3n se desarroll\u00f3 en la Tenencia local, instancia donde la alcaldesa Alejandra Villegas..<\/p>\n","protected":false},"author":2,"featured_media":20779,"comment_status":"closed","ping_status":"open","sticky":false,"template":"","format":"standard","meta":{"footnotes":""},"categories":[1,28,51],"tags":[],"class_list":["post-20776","post","type-post","status-publish","format-standard","has-post-thumbnail","hentry","category-acontecer","category-actual","category-chiloe"],"rttpg_featured_image_url":{"full":["https:\/\/elconquistadorredloslagos.cl\/test\/wp-content\/uploads\/2026\/04\/Diseno-sin-titulo-54.jpg",1920,1080,false],"landscape":["https:\/\/elconquistadorredloslagos.cl\/test\/wp-content\/uploads\/2026\/04\/Diseno-sin-titulo-54.jpg",1920,1080,false],"portraits":["https:\/\/elconquistadorredloslagos.cl\/test\/wp-content\/uploads\/2026\/04\/Diseno-sin-titulo-54.jpg",1920,1080,false],"thumbnail":["https:\/\/elconquistadorredloslagos.cl\/test\/wp-content\/uploads\/2026\/04\/Diseno-sin-titulo-54-150x150.jpg",150,150,true],"medium":["https:\/\/elconquistadorredloslagos.cl\/test\/wp-content\/uploads\/2026\/04\/Diseno-sin-titulo-54-300x169.jpg",300,169,true],"large":["https:\/\/elconquistadorredloslagos.cl\/test\/wp-content\/uploads\/2026\/04\/Diseno-sin-titulo-54-1024x576.jpg",1024,576,true],"1536x1536":["https:\/\/elconquistadorredloslagos.cl\/test\/wp-content\/uploads\/2026\/04\/Diseno-sin-titulo-54-1536x864.jpg",1536,864,true],"2048x2048":["https:\/\/elconquistadorredloslagos.cl\/test\/wp-content\/uploads\/2026\/04\/Diseno-sin-titulo-54.jpg",1920,1080,false]},"rttpg_author":{"display_name":"ccardenas","author_link":"https:\/\/elconquistadorredloslagos.cl\/test\/blog\/author\/ccardenas\/"},"rttpg_comment":0,"rttpg_category":"<a href=\"https:\/\/elconquistadorredloslagos.cl\/test\/blog\/category\/actual\/acontecer\/\" rel=\"category tag\">Acontecer<\/a> <a href=\"https:\/\/elconquistadorredloslagos.cl\/test\/blog\/category\/actual\/\" rel=\"category tag\">Actualidad<\/a> <a href=\"https:\/\/elconquistadorredloslagos.cl\/test\/blog\/category\/chile\/chiloe\/\" rel=\"category tag\">Chilo\u00e9<\/a>","rttpg_excerpt":"En el marco del aniversario n\u00famero 99 de Carabineros de Chile, en la comuna de Dalcahue la conmemoraci\u00f3n se desarroll\u00f3 en la Tenencia local, instancia donde la alcaldesa Alejandra Villegas..","_links":{"self":[{"href":"https:\/\/elconquistadorredloslagos.cl\/test\/wp-json\/wp\/v2\/posts\/20776","targetHints":{"allow":["GET"]}}],"collection":[{"href":"https:\/\/elconquistadorredloslagos.cl\/test\/wp-json\/wp\/v2\/posts"}],"about":[{"href":"https:\/\/elconquistadorredloslagos.cl\/test\/wp-json\/wp\/v2\/types\/post"}],"author":[{"embeddable":true,"href":"https:\/\/elconquistadorredloslagos.cl\/test\/wp-json\/wp\/v2\/users\/2"}],"replies":[{"embeddable":true,"href":"https:\/\/elconquistadorredloslagos.cl\/test\/wp-json\/wp\/v2\/comments?post=20776"}],"version-history":[{"count":1,"href":"https:\/\/elconquistadorredloslagos.cl\/test\/wp-json\/wp\/v2\/posts\/20776\/revisions"}],"predecessor-version":[{"id":20780,"href":"https:\/\/elconquistadorredloslagos.cl\/test\/wp-json\/wp\/v2\/posts\/20776\/revisions\/20780"}],"wp:featuredmedia":[{"embeddable":true,"href":"https:\/\/elconquistadorredloslagos.cl\/test\/wp-json\/wp\/v2\/media\/20779"}],"wp:attachment":[{"href":"https:\/\/elconquistadorredloslagos.cl\/test\/wp-json\/wp\/v2\/media?parent=20776"}],"wp:term":[{"taxonomy":"category","embeddable":true,"href":"https:\/\/elconquistadorredloslagos.cl\/test\/wp-json\/wp\/v2\/categories?post=20776"},{"taxonomy":"post_tag","embeddable":true,"href":"https:\/\/elconquistadorredloslagos.cl\/test\/wp-json\/wp\/v2\/tags?post=20776"}],"curies":[{"name":"wp","href":"https:\/\/api.w.org\/{rel}","templated":true}]}}