{"id":20773,"date":"2026-04-27T13:36:52","date_gmt":"2026-04-27T17:36:52","guid":{"rendered":"https:\/\/elconquistadorredloslagos.cl\/test\/?p=20773"},"modified":"2026-04-27T13:36:52","modified_gmt":"2026-04-27T17:36:52","slug":"inquietud-por-eventual-fin-de-programa-que-protege-iglesias-patrimoniales-de-chiloe","status":"publish","type":"post","link":"https:\/\/elconquistadorredloslagos.cl\/test\/blog\/2026\/04\/27\/inquietud-por-eventual-fin-de-programa-que-protege-iglesias-patrimoniales-de-chiloe\/","title":{"rendered":"Inquietud por eventual fin de programa que protege iglesias patrimoniales de Chilo\u00e9"},"content":{"rendered":"\n<p>La posible eliminaci\u00f3n del Programa de Sitios de Patrimonio Mundial gener\u00f3 preocupaci\u00f3n en el \u00e1mbito cultural, luego de que un oficio del Ministerio de Hacienda pusiera en revisi\u00f3n iniciativas p\u00fablicas con bajo rendimiento. El documento, enmarcado en la discusi\u00f3n presupuestaria 2027, analiza criterios de eficiencia, registros del Sistema de Monitoreo y el gasto ejecutado durante 2025.<\/p>\n\n\n\n<p>Entre los planes observados aparece este programa, fundamental para resguardar bienes reconocidos por la Unesco, como las 16 iglesias de Chilo\u00e9, destacadas por su arquitectura en madera y cuya mantenci\u00f3n depende en gran parte de estos recursos.<\/p>\n\n\n\n<p>Desde la Fundaci\u00f3n Iglesias Patrimoniales, su directora Natalia Cruz advirti\u00f3 que suprimir el financiamiento pondr\u00eda en riesgo la continuidad t\u00e9cnica y operativa. Solo en 2025, permiti\u00f3 desarrollar restauraciones, rescate de archivos y acciones educativas.<\/p>\n\n\n\n<p>Autoridades locales tambi\u00e9n expresaron inquietud, advirtiendo que un recorte impactar\u00eda a las comunidades y al turismo, donde estas iglesias son uno de los principales atractivos de la zona.<\/p>\n\n\n\n<p>\ud83d\udcf7 Archivo<\/p>\n","protected":false},"excerpt":{"rendered":"<p>La posible eliminaci\u00f3n del Programa de Sitios de Patrimonio Mundial gener\u00f3 preocupaci\u00f3n en el \u00e1mbito cultural, luego de que un oficio del Ministerio de Hacienda pusiera en revisi\u00f3n iniciativas p\u00fablicas..<\/p>\n","protected":false},"author":2,"featured_media":20774,"comment_status":"closed","ping_status":"open","sticky":false,"template":"","format":"standard","meta":{"footnotes":""},"categories":[1,28,51,34],"tags":[],"class_list":["post-20773","post","type-post","status-publish","format-standard","has-post-thumbnail","hentry","category-acontecer","category-actual","category-chiloe","category-cultura"],"rttpg_featured_image_url":{"full":["https:\/\/elconquistadorredloslagos.cl\/test\/wp-content\/uploads\/2026\/04\/Diseno-sin-titulo-53.jpg",1920,1080,false],"landscape":["https:\/\/elconquistadorredloslagos.cl\/test\/wp-content\/uploads\/2026\/04\/Diseno-sin-titulo-53.jpg",1920,1080,false],"portraits":["https:\/\/elconquistadorredloslagos.cl\/test\/wp-content\/uploads\/2026\/04\/Diseno-sin-titulo-53.jpg",1920,1080,false],"thumbnail":["https:\/\/elconquistadorredloslagos.cl\/test\/wp-content\/uploads\/2026\/04\/Diseno-sin-titulo-53-150x150.jpg",150,150,true],"medium":["https:\/\/elconquistadorredloslagos.cl\/test\/wp-content\/uploads\/2026\/04\/Diseno-sin-titulo-53-300x169.jpg",300,169,true],"large":["https:\/\/elconquistadorredloslagos.cl\/test\/wp-content\/uploads\/2026\/04\/Diseno-sin-titulo-53-1024x576.jpg",1024,576,true],"1536x1536":["https:\/\/elconquistadorredloslagos.cl\/test\/wp-content\/uploads\/2026\/04\/Diseno-sin-titulo-53-1536x864.jpg",1536,864,true],"2048x2048":["https:\/\/elconquistadorredloslagos.cl\/test\/wp-content\/uploads\/2026\/04\/Diseno-sin-titulo-53.jpg",1920,1080,false]},"rttpg_author":{"display_name":"ccardenas","author_link":"https:\/\/elconquistadorredloslagos.cl\/test\/blog\/author\/ccardenas\/"},"rttpg_comment":0,"rttpg_category":"<a href=\"https:\/\/elconquistadorredloslagos.cl\/test\/blog\/category\/actual\/acontecer\/\" rel=\"category tag\">Acontecer<\/a> <a href=\"https:\/\/elconquistadorredloslagos.cl\/test\/blog\/category\/actual\/\" rel=\"category tag\">Actualidad<\/a> <a href=\"https:\/\/elconquistadorredloslagos.cl\/test\/blog\/category\/chile\/chiloe\/\" rel=\"category tag\">Chilo\u00e9<\/a> <a href=\"https:\/\/elconquistadorredloslagos.cl\/test\/blog\/category\/cultura\/\" rel=\"category tag\">Cultural<\/a>","rttpg_excerpt":"La posible eliminaci\u00f3n del Programa de Sitios de Patrimonio Mundial gener\u00f3 preocupaci\u00f3n en el \u00e1mbito cultural, luego de que un oficio del Ministerio de Hacienda pusiera en revisi\u00f3n iniciativas p\u00fablicas..","_links":{"self":[{"href":"https:\/\/elconquistadorredloslagos.cl\/test\/wp-json\/wp\/v2\/posts\/20773","targetHints":{"allow":["GET"]}}],"collection":[{"href":"https:\/\/elconquistadorredloslagos.cl\/test\/wp-json\/wp\/v2\/posts"}],"about":[{"href":"https:\/\/elconquistadorredloslagos.cl\/test\/wp-json\/wp\/v2\/types\/post"}],"author":[{"embeddable":true,"href":"https:\/\/elconquistadorredloslagos.cl\/test\/wp-json\/wp\/v2\/users\/2"}],"replies":[{"embeddable":true,"href":"https:\/\/elconquistadorredloslagos.cl\/test\/wp-json\/wp\/v2\/comments?post=20773"}],"version-history":[{"count":1,"href":"https:\/\/elconquistadorredloslagos.cl\/test\/wp-json\/wp\/v2\/posts\/20773\/revisions"}],"predecessor-version":[{"id":20775,"href":"https:\/\/elconquistadorredloslagos.cl\/test\/wp-json\/wp\/v2\/posts\/20773\/revisions\/20775"}],"wp:featuredmedia":[{"embeddable":true,"href":"https:\/\/elconquistadorredloslagos.cl\/test\/wp-json\/wp\/v2\/media\/20774"}],"wp:attachment":[{"href":"https:\/\/elconquistadorredloslagos.cl\/test\/wp-json\/wp\/v2\/media?parent=20773"}],"wp:term":[{"taxonomy":"category","embeddable":true,"href":"https:\/\/elconquistadorredloslagos.cl\/test\/wp-json\/wp\/v2\/categories?post=20773"},{"taxonomy":"post_tag","embeddable":true,"href":"https:\/\/elconquistadorredloslagos.cl\/test\/wp-json\/wp\/v2\/tags?post=20773"}],"curies":[{"name":"wp","href":"https:\/\/api.w.org\/{rel}","templated":true}]}}