{"id":20761,"date":"2026-04-27T11:19:37","date_gmt":"2026-04-27T15:19:37","guid":{"rendered":"https:\/\/elconquistadorredloslagos.cl\/test\/?p=20761"},"modified":"2026-04-27T11:19:38","modified_gmt":"2026-04-27T15:19:38","slug":"saesa-fortalece-acciones-de-tenencia-responsable-de-mascotas-en-chiloe","status":"publish","type":"post","link":"https:\/\/elconquistadorredloslagos.cl\/test\/blog\/2026\/04\/27\/saesa-fortalece-acciones-de-tenencia-responsable-de-mascotas-en-chiloe\/","title":{"rendered":"Saesa fortalece acciones de tenencia responsable de mascotas en Chilo\u00e9"},"content":{"rendered":"\n<p>Con el objetivo de fortalecer el trabajo colaborativo y avanzar en acciones preventivas y correctivas en materia de tenencia responsable, Saesa, la Ilustre Municipalidad de Castro y la empresa colaboradora \u00abAustral Service\u00bb, organizaron dos jornadas dirigidas a autoridades sanitarias, municipalidades y empresas de servicios de la provincia de Chilo\u00e9. Ambas instancias tuvieron como eje central la seguridad de la comunidad y de los trabajadores, promoviendo una cultura de responsabilidad y tenencia responsable en el territorio.<\/p>\n\n\n\n<p>Al respecto, la jefa de Servicio al Cliente de Saesa en Chilo\u00e9 Javiera Fontecilla destac\u00f3 la relevancia de estas iniciativas: <\/p>\n\n\n\n<figure class=\"wp-block-audio\"><audio controls src=\"https:\/\/elconquistadorredloslagos.cl\/test\/wp-content\/uploads\/2026\/04\/Javiera-Fontecilla-cuna-23-04.mp3\"><\/audio><\/figure>\n\n\n\n<p><strong>Encuentro Tenencia Responsable con Autoridades Sanitarias:<\/strong><\/p>\n\n\n\n<p>La primera actividad se realiz\u00f3 en la Oficina Comercial de Saesa en Castro. En la instancia participaron representantes de las comunas de Castro, Quell\u00f3n, Ancud, Dalcahue, Chonchi, Puqueld\u00f3n y Quemchi, adem\u00e1s de la Autoridad Sanitaria Provincial.<\/p>\n\n\n\n<p>Durante el encuentro se desarroll\u00f3 una mesa de trabajo orientada a analizar las principales problem\u00e1ticas asociadas a la presencia de canes en la v\u00eda p\u00fablica, especialmente en villas y poblaciones, as\u00ed como a evaluar la posibilidad de replicar en otras comunas el modelo de trabajo que actualmente se implementa en la comuna de Castro.<\/p>\n\n\n\n<p>As\u00ed lo indic\u00f3 el director de la Direcci\u00f3n de Aseo y Ornato de la municipalidad de Castro, Danilo Linz: <\/p>\n\n\n\n<figure class=\"wp-block-audio\"><audio controls src=\"https:\/\/elconquistadorredloslagos.cl\/test\/wp-content\/uploads\/2026\/04\/Danilo-Linz-cuna-23-04.mp3\"><\/audio><\/figure>\n\n\n\n<p>As\u00ed tambi\u00e9n lo indic\u00f3 la encargada de la Cl\u00ednica Veterinaria Municipal de Ancud, Roc\u00edo Becerra, se\u00f1al\u00f3: <\/p>\n\n\n\n<figure class=\"wp-block-audio\"><audio controls src=\"https:\/\/elconquistadorredloslagos.cl\/test\/wp-content\/uploads\/2026\/04\/Rocio-Becerra-cuna-23-04.mp3\"><\/audio><\/figure>\n\n\n\n<p><strong>Charla de Seguridad \u201cPsicolog\u00eda y Etolog\u00eda Canina\u201d:<\/strong><\/p>\n\n\n\n<p>La segunda jornada se desarroll\u00f3 en el Centro Cultural de Castro y fue impartida por Cristian Sol\u00eds, adiestrador canino profesional. La capacitaci\u00f3n estuvo dirigida a empresas de servicios pedestres, municipalidades y autoridades sanitarias de la provincia, entregando herramientas pr\u00e1cticas para comprender el comportamiento canino, reconocer se\u00f1ales de alerta y prevenir situaciones de riesgo en labores realizadas en terreno.<\/p>\n\n\n\n<p>Sobre la instancia, Rodrigo Mora encargado de la Oficina de Tenencia Responsable de la Municipalidad de Castro valor\u00f3 la actividad: <\/p>\n\n\n\n<figure class=\"wp-block-audio\"><audio controls src=\"https:\/\/elconquistadorredloslagos.cl\/test\/wp-content\/uploads\/2026\/04\/Rodrigo-Mora-cuna-23-04.mp3\"><\/audio><\/figure>\n\n\n\n<p>De la misma forma, Iv\u00e1n Labrin, presidente de la Uni\u00f3n Comunal de Juntas de Vecinos de Castro agradeci\u00f3 la instancia: <\/p>\n\n\n\n<figure class=\"wp-block-audio\"><audio controls src=\"https:\/\/elconquistadorredloslagos.cl\/test\/wp-content\/uploads\/2026\/04\/Ivan-Labrin-cuna-23-04.mp3\"><\/audio><\/figure>\n\n\n\n<p>Estas instancias se suman a otros encuentros y acciones que Saesa ha desarrollado de manera sostenida en coordinaci\u00f3n con autoridades sanitarias comunales y provinciales, reafirmando un trabajo colaborativo que se ha consolidado durante a\u00f1os en la provincia de Chilo\u00e9.<\/p>\n\n\n\n<figure class=\"wp-block-gallery has-nested-images columns-default is-cropped wp-block-gallery-1 is-layout-flex wp-block-gallery-is-layout-flex\">\n<figure class=\"wp-block-image size-large\"><img loading=\"lazy\" decoding=\"async\" width=\"1024\" height=\"768\" data-id=\"20767\" src=\"https:\/\/elconquistadorredloslagos.cl\/test\/wp-content\/uploads\/2026\/04\/WhatsApp-Image-2026-04-17-at-12.58.49-PM-1024x768.jpeg\" alt=\"\" class=\"wp-image-20767\" \/><\/figure>\n\n\n\n<figure class=\"wp-block-image size-large\"><img loading=\"lazy\" decoding=\"async\" width=\"1024\" height=\"684\" data-id=\"20769\" src=\"https:\/\/elconquistadorredloslagos.cl\/test\/wp-content\/uploads\/2026\/04\/WhatsApp-Image-2026-04-23-at-3.18.48-PM-1024x684.jpeg\" alt=\"\" class=\"wp-image-20769\" \/><\/figure>\n\n\n\n<figure class=\"wp-block-image size-large\"><img loading=\"lazy\" decoding=\"async\" width=\"1024\" height=\"768\" data-id=\"20768\" src=\"https:\/\/elconquistadorredloslagos.cl\/test\/wp-content\/uploads\/2026\/04\/WhatsApp-Image-2026-04-23-at-11.31.07-AM-1024x768.jpeg\" alt=\"\" class=\"wp-image-20768\" \/><\/figure>\n<\/figure>\n","protected":false},"excerpt":{"rendered":"<p>Con el objetivo de fortalecer el trabajo colaborativo y avanzar en acciones preventivas y correctivas en materia de tenencia responsable, Saesa, la Ilustre Municipalidad de Castro y la empresa colaboradora..<\/p>\n","protected":false},"author":2,"featured_media":20770,"comment_status":"closed","ping_status":"open","sticky":false,"template":"","format":"standard","meta":{"footnotes":""},"categories":[1,28,51],"tags":[],"class_list":["post-20761","post","type-post","status-publish","format-standard","has-post-thumbnail","hentry","category-acontecer","category-actual","category-chiloe"],"rttpg_featured_image_url":{"full":["https:\/\/elconquistadorredloslagos.cl\/test\/wp-content\/uploads\/2026\/04\/Diseno-sin-titulo-1-39.jpg",1920,1080,false],"landscape":["https:\/\/elconquistadorredloslagos.cl\/test\/wp-content\/uploads\/2026\/04\/Diseno-sin-titulo-1-39.jpg",1920,1080,false],"portraits":["https:\/\/elconquistadorredloslagos.cl\/test\/wp-content\/uploads\/2026\/04\/Diseno-sin-titulo-1-39.jpg",1920,1080,false],"thumbnail":["https:\/\/elconquistadorredloslagos.cl\/test\/wp-content\/uploads\/2026\/04\/Diseno-sin-titulo-1-39-150x150.jpg",150,150,true],"medium":["https:\/\/elconquistadorredloslagos.cl\/test\/wp-content\/uploads\/2026\/04\/Diseno-sin-titulo-1-39-300x169.jpg",300,169,true],"large":["https:\/\/elconquistadorredloslagos.cl\/test\/wp-content\/uploads\/2026\/04\/Diseno-sin-titulo-1-39-1024x576.jpg",1024,576,true],"1536x1536":["https:\/\/elconquistadorredloslagos.cl\/test\/wp-content\/uploads\/2026\/04\/Diseno-sin-titulo-1-39-1536x864.jpg",1536,864,true],"2048x2048":["https:\/\/elconquistadorredloslagos.cl\/test\/wp-content\/uploads\/2026\/04\/Diseno-sin-titulo-1-39.jpg",1920,1080,false]},"rttpg_author":{"display_name":"ccardenas","author_link":"https:\/\/elconquistadorredloslagos.cl\/test\/blog\/author\/ccardenas\/"},"rttpg_comment":0,"rttpg_category":"<a href=\"https:\/\/elconquistadorredloslagos.cl\/test\/blog\/category\/actual\/acontecer\/\" rel=\"category tag\">Acontecer<\/a> <a href=\"https:\/\/elconquistadorredloslagos.cl\/test\/blog\/category\/actual\/\" rel=\"category tag\">Actualidad<\/a> <a href=\"https:\/\/elconquistadorredloslagos.cl\/test\/blog\/category\/chile\/chiloe\/\" rel=\"category tag\">Chilo\u00e9<\/a>","rttpg_excerpt":"Con el objetivo de fortalecer el trabajo colaborativo y avanzar en acciones preventivas y correctivas en materia de tenencia responsable, Saesa, la Ilustre Municipalidad de Castro y la empresa colaboradora..","_links":{"self":[{"href":"https:\/\/elconquistadorredloslagos.cl\/test\/wp-json\/wp\/v2\/posts\/20761","targetHints":{"allow":["GET"]}}],"collection":[{"href":"https:\/\/elconquistadorredloslagos.cl\/test\/wp-json\/wp\/v2\/posts"}],"about":[{"href":"https:\/\/elconquistadorredloslagos.cl\/test\/wp-json\/wp\/v2\/types\/post"}],"author":[{"embeddable":true,"href":"https:\/\/elconquistadorredloslagos.cl\/test\/wp-json\/wp\/v2\/users\/2"}],"replies":[{"embeddable":true,"href":"https:\/\/elconquistadorredloslagos.cl\/test\/wp-json\/wp\/v2\/comments?post=20761"}],"version-history":[{"count":1,"href":"https:\/\/elconquistadorredloslagos.cl\/test\/wp-json\/wp\/v2\/posts\/20761\/revisions"}],"predecessor-version":[{"id":20771,"href":"https:\/\/elconquistadorredloslagos.cl\/test\/wp-json\/wp\/v2\/posts\/20761\/revisions\/20771"}],"wp:featuredmedia":[{"embeddable":true,"href":"https:\/\/elconquistadorredloslagos.cl\/test\/wp-json\/wp\/v2\/media\/20770"}],"wp:attachment":[{"href":"https:\/\/elconquistadorredloslagos.cl\/test\/wp-json\/wp\/v2\/media?parent=20761"}],"wp:term":[{"taxonomy":"category","embeddable":true,"href":"https:\/\/elconquistadorredloslagos.cl\/test\/wp-json\/wp\/v2\/categories?post=20761"},{"taxonomy":"post_tag","embeddable":true,"href":"https:\/\/elconquistadorredloslagos.cl\/test\/wp-json\/wp\/v2\/tags?post=20761"}],"curies":[{"name":"wp","href":"https:\/\/api.w.org\/{rel}","templated":true}]}}