{"id":20752,"date":"2026-04-27T11:08:58","date_gmt":"2026-04-27T15:08:58","guid":{"rendered":"https:\/\/elconquistadorredloslagos.cl\/test\/?p=20752"},"modified":"2026-04-27T11:08:58","modified_gmt":"2026-04-27T15:08:58","slug":"con-exito-se-desarrollo-la-primera-jornada-de-la-escuela-de-fortalecimiento-de-habilidades-directivas-en-salud-2026","status":"publish","type":"post","link":"https:\/\/elconquistadorredloslagos.cl\/test\/blog\/2026\/04\/27\/con-exito-se-desarrollo-la-primera-jornada-de-la-escuela-de-fortalecimiento-de-habilidades-directivas-en-salud-2026\/","title":{"rendered":"Con \u00e9xito se desarroll\u00f3 la primera jornada de la Escuela de Fortalecimiento de Habilidades Directivas en Salud 2026"},"content":{"rendered":"\n<p>Con una alta participaci\u00f3n de directivos, jefaturas y funcionarias y funcionarios de la red asistencial, se dio inicio por segundo a\u00f1o consecutivo a la Escuela de Fortalecimiento de Habilidades Directivas en Salud 2026, iniciativa orientada a potenciar liderazgos, fortalecer la gesti\u00f3n de equipos y promover ambientes laborales saludables en la provincia de Chilo\u00e9.<\/p>\n\n\n\n<p>La jornada reuni\u00f3 a representantes de las 10 comunas de la provincia, provenientes de establecimientos de Atenci\u00f3n Primaria de Salud, Atenci\u00f3n Secundaria y de la Direcci\u00f3n del Servicio de Salud Chilo\u00e9, consolid\u00e1ndose como un espacio de encuentro e integraci\u00f3n entre los distintos niveles de la red. Fue encabezada por el director del Servicio de Salud Chilo\u00e9, Francisco Camilo D\u00edaz, junto al subdirector de Gesti\u00f3n y Desarrollo de las Personas, Cristian Mansilla, quienes destacaron la importancia de fortalecer las capacidades directivas para avanzar en el cumplimiento de metas institucionales, con equipos humanos resolutivos, cohesionados y orientados al bienestar laboral.<\/p>\n\n\n\n<p>Asimismo, valoraron que esta instancia contribuya al desarrollo de competencias clave como el manejo emocional, la comunicaci\u00f3n efectiva y el fortalecimiento de v\u00ednculos al interior de los equipos y entre los distintos equipos de la red, elementos fundamentales para una mejor calidad del ambiente organizacional y una coordinaci\u00f3n m\u00e1s efectiva al servicio de las personas.<\/p>\n\n\n\n<p>La expositora principal de la jornada, la m\u00e9dica salubrista, especialista en salud ocupacional y coach, Dra. Cecilia Iturra, se\u00f1al\u00f3: <\/p>\n\n\n\n<figure class=\"wp-block-audio\"><audio controls src=\"https:\/\/elconquistadorredloslagos.cl\/test\/wp-content\/uploads\/2026\/04\/doctora.mp3\"><\/audio><\/figure>\n\n\n\n<p>La profesional agreg\u00f3 que esta experiencia fue reconocida por el Ministerio de Salud como una buena pr\u00e1ctica en el marco de Saludablemente, tanto en Atenci\u00f3n Primaria como en hospitales, proyect\u00e1ndose su r\u00e9plica en otros servicios de salud del pa\u00eds.<\/p>\n\n\n\n<p>La iniciativa es impulsada por el Servicio de Salud Chilo\u00e9, a trav\u00e9s del programa Saludablemente funcionarios. Sus coordinadores, los psic\u00f3logos Camila Brahm y Camilo Arellano, manifestaron su orgullo por la convocatoria y el impacto alcanzado.<\/p>\n\n\n\n<p>Indicaron que este primer m\u00f3dulo de la segunda versi\u00f3n de la Escuela representa mucho m\u00e1s que un proceso formativo: <\/p>\n\n\n\n<figure class=\"wp-block-audio\"><audio controls src=\"https:\/\/elconquistadorredloslagos.cl\/test\/wp-content\/uploads\/2026\/04\/camilo-arellano.mp3\"><\/audio><\/figure>\n\n\n\n<p>Tambi\u00e9n destacaron el apoyo de la Asociaci\u00f3n Chilena de Seguridad (ACHS), instituci\u00f3n que ha sido un soporte relevante para el desarrollo de esta Escuela, junto a la colaboraci\u00f3n de profesionales de distintos servicios de salud que aportan con su experiencia y conocimientos.<\/p>\n\n\n\n<p>Uno de los participantes proveniente de Quell\u00f3n, valor\u00f3 la instancia se\u00f1alando: \u201cSe ve que va bien encaminada. Son pocas las oportunidades que existen a nivel organizacional, y las jefaturas muchas veces tenemos poco tiempo para participar. Nos llevamos muchas herramientas positivas para aplicar en nuestros equipos y quedamos motivados para las pr\u00f3ximas jornadas\u201d.<\/p>\n\n\n\n<p>Esta segunda versi\u00f3n contempla 166 horas de formaci\u00f3n, combinando m\u00f3dulos presenciales con actividades asincr\u00f3nicas, en un esfuerzo colaborativo orientado al fortalecimiento del liderazgo en salud p\u00fablica.<\/p>\n\n\n\n<figure class=\"wp-block-gallery has-nested-images columns-default is-cropped wp-block-gallery-1 is-layout-flex wp-block-gallery-is-layout-flex\">\n<figure class=\"wp-block-image size-large\"><img loading=\"lazy\" decoding=\"async\" width=\"1024\" height=\"579\" data-id=\"20758\" src=\"https:\/\/elconquistadorredloslagos.cl\/test\/wp-content\/uploads\/2026\/04\/1-2-1024x579.jpg\" alt=\"\" class=\"wp-image-20758\" \/><\/figure>\n\n\n\n<figure class=\"wp-block-image size-large\"><img loading=\"lazy\" decoding=\"async\" width=\"1024\" height=\"683\" data-id=\"20756\" src=\"https:\/\/elconquistadorredloslagos.cl\/test\/wp-content\/uploads\/2026\/04\/2-1-1024x683.jpg\" alt=\"\" class=\"wp-image-20756\" \/><\/figure>\n\n\n\n<figure class=\"wp-block-image size-large\"><img loading=\"lazy\" decoding=\"async\" width=\"1024\" height=\"683\" data-id=\"20755\" src=\"https:\/\/elconquistadorredloslagos.cl\/test\/wp-content\/uploads\/2026\/04\/director-2-1024x683.jpg\" alt=\"\" class=\"wp-image-20755\" \/><\/figure>\n\n\n\n<figure class=\"wp-block-image size-large\"><img loading=\"lazy\" decoding=\"async\" width=\"1024\" height=\"683\" data-id=\"20757\" src=\"https:\/\/elconquistadorredloslagos.cl\/test\/wp-content\/uploads\/2026\/04\/director-3-1024x683.jpg\" alt=\"\" class=\"wp-image-20757\" \/><\/figure>\n<\/figure>\n","protected":false},"excerpt":{"rendered":"<p>Con una alta participaci\u00f3n de directivos, jefaturas y funcionarias y funcionarios de la red asistencial, se dio inicio por segundo a\u00f1o consecutivo a la Escuela de Fortalecimiento de Habilidades Directivas..<\/p>\n","protected":false},"author":2,"featured_media":20759,"comment_status":"closed","ping_status":"open","sticky":false,"template":"","format":"standard","meta":{"footnotes":""},"categories":[1,28,51],"tags":[],"class_list":["post-20752","post","type-post","status-publish","format-standard","has-post-thumbnail","hentry","category-acontecer","category-actual","category-chiloe"],"rttpg_featured_image_url":{"full":["https:\/\/elconquistadorredloslagos.cl\/test\/wp-content\/uploads\/2026\/04\/Diseno-sin-titulo-52.jpg",1920,1080,false],"landscape":["https:\/\/elconquistadorredloslagos.cl\/test\/wp-content\/uploads\/2026\/04\/Diseno-sin-titulo-52.jpg",1920,1080,false],"portraits":["https:\/\/elconquistadorredloslagos.cl\/test\/wp-content\/uploads\/2026\/04\/Diseno-sin-titulo-52.jpg",1920,1080,false],"thumbnail":["https:\/\/elconquistadorredloslagos.cl\/test\/wp-content\/uploads\/2026\/04\/Diseno-sin-titulo-52-150x150.jpg",150,150,true],"medium":["https:\/\/elconquistadorredloslagos.cl\/test\/wp-content\/uploads\/2026\/04\/Diseno-sin-titulo-52-300x169.jpg",300,169,true],"large":["https:\/\/elconquistadorredloslagos.cl\/test\/wp-content\/uploads\/2026\/04\/Diseno-sin-titulo-52-1024x576.jpg",1024,576,true],"1536x1536":["https:\/\/elconquistadorredloslagos.cl\/test\/wp-content\/uploads\/2026\/04\/Diseno-sin-titulo-52-1536x864.jpg",1536,864,true],"2048x2048":["https:\/\/elconquistadorredloslagos.cl\/test\/wp-content\/uploads\/2026\/04\/Diseno-sin-titulo-52.jpg",1920,1080,false]},"rttpg_author":{"display_name":"ccardenas","author_link":"https:\/\/elconquistadorredloslagos.cl\/test\/blog\/author\/ccardenas\/"},"rttpg_comment":0,"rttpg_category":"<a href=\"https:\/\/elconquistadorredloslagos.cl\/test\/blog\/category\/actual\/acontecer\/\" rel=\"category tag\">Acontecer<\/a> <a href=\"https:\/\/elconquistadorredloslagos.cl\/test\/blog\/category\/actual\/\" rel=\"category tag\">Actualidad<\/a> <a href=\"https:\/\/elconquistadorredloslagos.cl\/test\/blog\/category\/chile\/chiloe\/\" rel=\"category tag\">Chilo\u00e9<\/a>","rttpg_excerpt":"Con una alta participaci\u00f3n de directivos, jefaturas y funcionarias y funcionarios de la red asistencial, se dio inicio por segundo a\u00f1o consecutivo a la Escuela de Fortalecimiento de Habilidades Directivas..","_links":{"self":[{"href":"https:\/\/elconquistadorredloslagos.cl\/test\/wp-json\/wp\/v2\/posts\/20752","targetHints":{"allow":["GET"]}}],"collection":[{"href":"https:\/\/elconquistadorredloslagos.cl\/test\/wp-json\/wp\/v2\/posts"}],"about":[{"href":"https:\/\/elconquistadorredloslagos.cl\/test\/wp-json\/wp\/v2\/types\/post"}],"author":[{"embeddable":true,"href":"https:\/\/elconquistadorredloslagos.cl\/test\/wp-json\/wp\/v2\/users\/2"}],"replies":[{"embeddable":true,"href":"https:\/\/elconquistadorredloslagos.cl\/test\/wp-json\/wp\/v2\/comments?post=20752"}],"version-history":[{"count":1,"href":"https:\/\/elconquistadorredloslagos.cl\/test\/wp-json\/wp\/v2\/posts\/20752\/revisions"}],"predecessor-version":[{"id":20760,"href":"https:\/\/elconquistadorredloslagos.cl\/test\/wp-json\/wp\/v2\/posts\/20752\/revisions\/20760"}],"wp:featuredmedia":[{"embeddable":true,"href":"https:\/\/elconquistadorredloslagos.cl\/test\/wp-json\/wp\/v2\/media\/20759"}],"wp:attachment":[{"href":"https:\/\/elconquistadorredloslagos.cl\/test\/wp-json\/wp\/v2\/media?parent=20752"}],"wp:term":[{"taxonomy":"category","embeddable":true,"href":"https:\/\/elconquistadorredloslagos.cl\/test\/wp-json\/wp\/v2\/categories?post=20752"},{"taxonomy":"post_tag","embeddable":true,"href":"https:\/\/elconquistadorredloslagos.cl\/test\/wp-json\/wp\/v2\/tags?post=20752"}],"curies":[{"name":"wp","href":"https:\/\/api.w.org\/{rel}","templated":true}]}}