{"id":20749,"date":"2026-04-27T10:53:40","date_gmt":"2026-04-27T14:53:40","guid":{"rendered":"https:\/\/elconquistadorredloslagos.cl\/test\/?p=20749"},"modified":"2026-04-27T10:53:41","modified_gmt":"2026-04-27T14:53:41","slug":"instalan-nuevas-camaras-de-vigilancia-en-sectores-clave-de-puerto-montt","status":"publish","type":"post","link":"https:\/\/elconquistadorredloslagos.cl\/test\/blog\/2026\/04\/27\/instalan-nuevas-camaras-de-vigilancia-en-sectores-clave-de-puerto-montt\/","title":{"rendered":"Instalan nuevas c\u00e1maras de vigilancia en sectores clave de Puerto Montt"},"content":{"rendered":"\n<p>Tres dispositivos de televigilancia comenzaron a funcionar esta semana en distintos puntos de Puerto Montt, como parte de una estrategia orientada a reforzar la seguridad y ampliar el monitoreo en la comuna.<\/p>\n\n\n\n<p>La iniciativa, impulsada por el municipio, contempl\u00f3 la instalaci\u00f3n en zonas consideradas prioritarias: el mirador de Plaza Afquintu\u00e9, el cruce de Juan Soler Manfredini con R\u00edo Puelche y el sector que conecta Isla Maill\u00e9n con Trap\u00e9n. Estos puntos fueron definidos por su alto tr\u00e1nsito y la necesidad de fortalecer la prevenci\u00f3n.<\/p>\n\n\n\n<p>Las nuevas c\u00e1maras se incorporan al sistema comunal de vigilancia, lo que permitir\u00e1 optimizar el monitoreo en tiempo real y apoyar la labor conjunta con organismos de seguridad.<\/p>\n\n\n\n<p>Desde el municipio indicaron que la medida busca prevenir delitos y mejorar la cobertura en \u00e1reas con alta circulaci\u00f3n o que requieren mayor control.<\/p>\n\n\n\n<p>\ud83d\udcf7 <a href=\"https:\/\/www.facebook.com\/munipuertomontt?__cft__[0]=AZZRvuoRtJnU6JceLJb8q1634FlyQX8ME8Ebw88HKNGZISByYkzO2cwCQX08gm5MqN1OyEHwp9n2tnXQyrbOsAa5_q3ANdj53m6GdRdKb-Fz9qgbK3K4bqHwEAkPRbjAHAphxwObu3d_QHdw1Ji6IFRmfCayG8jXq7KmU717BokUTPkwR1kg_W9sk6CSLBOR-Tw&amp;__tn__=-UC*F\">Municipalidad de Puerto Montt<\/a> &#8211; Facebook<\/p>\n","protected":false},"excerpt":{"rendered":"<p>Tres dispositivos de televigilancia comenzaron a funcionar esta semana en distintos puntos de Puerto Montt, como parte de una estrategia orientada a reforzar la seguridad y ampliar el monitoreo en..<\/p>\n","protected":false},"author":2,"featured_media":20750,"comment_status":"closed","ping_status":"open","sticky":false,"template":"","format":"standard","meta":{"footnotes":""},"categories":[1,28,56],"tags":[],"class_list":["post-20749","post","type-post","status-publish","format-standard","has-post-thumbnail","hentry","category-acontecer","category-actual","category-puerto-montt"],"rttpg_featured_image_url":{"full":["https:\/\/elconquistadorredloslagos.cl\/test\/wp-content\/uploads\/2026\/04\/Diseno-sin-titulo-5-7.jpg",1920,1080,false],"landscape":["https:\/\/elconquistadorredloslagos.cl\/test\/wp-content\/uploads\/2026\/04\/Diseno-sin-titulo-5-7.jpg",1920,1080,false],"portraits":["https:\/\/elconquistadorredloslagos.cl\/test\/wp-content\/uploads\/2026\/04\/Diseno-sin-titulo-5-7.jpg",1920,1080,false],"thumbnail":["https:\/\/elconquistadorredloslagos.cl\/test\/wp-content\/uploads\/2026\/04\/Diseno-sin-titulo-5-7-150x150.jpg",150,150,true],"medium":["https:\/\/elconquistadorredloslagos.cl\/test\/wp-content\/uploads\/2026\/04\/Diseno-sin-titulo-5-7-300x169.jpg",300,169,true],"large":["https:\/\/elconquistadorredloslagos.cl\/test\/wp-content\/uploads\/2026\/04\/Diseno-sin-titulo-5-7-1024x576.jpg",1024,576,true],"1536x1536":["https:\/\/elconquistadorredloslagos.cl\/test\/wp-content\/uploads\/2026\/04\/Diseno-sin-titulo-5-7-1536x864.jpg",1536,864,true],"2048x2048":["https:\/\/elconquistadorredloslagos.cl\/test\/wp-content\/uploads\/2026\/04\/Diseno-sin-titulo-5-7.jpg",1920,1080,false]},"rttpg_author":{"display_name":"ccardenas","author_link":"https:\/\/elconquistadorredloslagos.cl\/test\/blog\/author\/ccardenas\/"},"rttpg_comment":0,"rttpg_category":"<a href=\"https:\/\/elconquistadorredloslagos.cl\/test\/blog\/category\/actual\/acontecer\/\" rel=\"category tag\">Acontecer<\/a> <a href=\"https:\/\/elconquistadorredloslagos.cl\/test\/blog\/category\/actual\/\" rel=\"category tag\">Actualidad<\/a> <a href=\"https:\/\/elconquistadorredloslagos.cl\/test\/blog\/category\/chile\/puerto-montt\/\" rel=\"category tag\">Puerto Montt<\/a>","rttpg_excerpt":"Tres dispositivos de televigilancia comenzaron a funcionar esta semana en distintos puntos de Puerto Montt, como parte de una estrategia orientada a reforzar la seguridad y ampliar el monitoreo en..","_links":{"self":[{"href":"https:\/\/elconquistadorredloslagos.cl\/test\/wp-json\/wp\/v2\/posts\/20749","targetHints":{"allow":["GET"]}}],"collection":[{"href":"https:\/\/elconquistadorredloslagos.cl\/test\/wp-json\/wp\/v2\/posts"}],"about":[{"href":"https:\/\/elconquistadorredloslagos.cl\/test\/wp-json\/wp\/v2\/types\/post"}],"author":[{"embeddable":true,"href":"https:\/\/elconquistadorredloslagos.cl\/test\/wp-json\/wp\/v2\/users\/2"}],"replies":[{"embeddable":true,"href":"https:\/\/elconquistadorredloslagos.cl\/test\/wp-json\/wp\/v2\/comments?post=20749"}],"version-history":[{"count":1,"href":"https:\/\/elconquistadorredloslagos.cl\/test\/wp-json\/wp\/v2\/posts\/20749\/revisions"}],"predecessor-version":[{"id":20751,"href":"https:\/\/elconquistadorredloslagos.cl\/test\/wp-json\/wp\/v2\/posts\/20749\/revisions\/20751"}],"wp:featuredmedia":[{"embeddable":true,"href":"https:\/\/elconquistadorredloslagos.cl\/test\/wp-json\/wp\/v2\/media\/20750"}],"wp:attachment":[{"href":"https:\/\/elconquistadorredloslagos.cl\/test\/wp-json\/wp\/v2\/media?parent=20749"}],"wp:term":[{"taxonomy":"category","embeddable":true,"href":"https:\/\/elconquistadorredloslagos.cl\/test\/wp-json\/wp\/v2\/categories?post=20749"},{"taxonomy":"post_tag","embeddable":true,"href":"https:\/\/elconquistadorredloslagos.cl\/test\/wp-json\/wp\/v2\/tags?post=20749"}],"curies":[{"name":"wp","href":"https:\/\/api.w.org\/{rel}","templated":true}]}}