{"id":20743,"date":"2026-04-27T10:44:48","date_gmt":"2026-04-27T14:44:48","guid":{"rendered":"https:\/\/elconquistadorredloslagos.cl\/test\/?p=20743"},"modified":"2026-04-27T10:44:49","modified_gmt":"2026-04-27T14:44:49","slug":"kast-descarta-recortes-en-alimentacion-escolar-y-apunta-a-mejorar-gestion-en-junaeb","status":"publish","type":"post","link":"https:\/\/elconquistadorredloslagos.cl\/test\/blog\/2026\/04\/27\/kast-descarta-recortes-en-alimentacion-escolar-y-apunta-a-mejorar-gestion-en-junaeb\/","title":{"rendered":"Kast descarta recortes en alimentaci\u00f3n escolar y apunta a mejorar gesti\u00f3n en Junaeb"},"content":{"rendered":"\n<p>En medio de la controversia por los oficios del Ministerio de Hacienda destinados a optimizar el gasto p\u00fablico, el Presidente Jos\u00e9 Antonio Kast neg\u00f3 que existan planes para reducir los programas de alimentaci\u00f3n escolar, uno de los puntos que gener\u00f3 mayor inquietud.<\/p>\n\n\n\n<p>El Mandatario abord\u00f3 el tema durante la actividad \u201cPresidente Presente\u201d realizada en Concepci\u00f3n, donde estuvo acompa\u00f1ado por la ministra de Seguridad, Trinidad Steinert, y el subsecretario de Hacienda, Juan Pablo Rodr\u00edguez.<\/p>\n\n\n\n<p>En su intervenci\u00f3n, el jefe de Estado fue enf\u00e1tico al se\u00f1alar que no existe intenci\u00f3n de afectar la alimentaci\u00f3n de estudiantes. Seg\u00fan explic\u00f3, las medidas apuntan a introducir cambios en la Junta Nacional de Auxilio Escolar y Becas con el fin de corregir falencias en su administraci\u00f3n.<\/p>\n\n\n\n<p>El Presidente sostuvo que el objetivo es ordenar la gesti\u00f3n del organismo y no disminuir beneficios. En la misma l\u00ednea, el subsecretario Rodr\u00edguez asegur\u00f3 que la informaci\u00f3n difundida en redes sociales sobre eventuales recortes no es correcta, reiterando que no se suspender\u00e1n los programas alimentarios dirigidos a escolares.<\/p>\n\n\n\n<p>\ud83d\udcf7 Referencial<\/p>\n","protected":false},"excerpt":{"rendered":"<p>En medio de la controversia por los oficios del Ministerio de Hacienda destinados a optimizar el gasto p\u00fablico, el Presidente Jos\u00e9 Antonio Kast neg\u00f3 que existan planes para reducir los..<\/p>\n","protected":false},"author":2,"featured_media":20744,"comment_status":"closed","ping_status":"open","sticky":false,"template":"","format":"standard","meta":{"footnotes":""},"categories":[1,28,52],"tags":[],"class_list":["post-20743","post","type-post","status-publish","format-standard","has-post-thumbnail","hentry","category-acontecer","category-actual","category-chile"],"rttpg_featured_image_url":{"full":["https:\/\/elconquistadorredloslagos.cl\/test\/wp-content\/uploads\/2026\/04\/Diseno-sin-titulo-3-13.jpg",1920,1080,false],"landscape":["https:\/\/elconquistadorredloslagos.cl\/test\/wp-content\/uploads\/2026\/04\/Diseno-sin-titulo-3-13.jpg",1920,1080,false],"portraits":["https:\/\/elconquistadorredloslagos.cl\/test\/wp-content\/uploads\/2026\/04\/Diseno-sin-titulo-3-13.jpg",1920,1080,false],"thumbnail":["https:\/\/elconquistadorredloslagos.cl\/test\/wp-content\/uploads\/2026\/04\/Diseno-sin-titulo-3-13-150x150.jpg",150,150,true],"medium":["https:\/\/elconquistadorredloslagos.cl\/test\/wp-content\/uploads\/2026\/04\/Diseno-sin-titulo-3-13-300x169.jpg",300,169,true],"large":["https:\/\/elconquistadorredloslagos.cl\/test\/wp-content\/uploads\/2026\/04\/Diseno-sin-titulo-3-13-1024x576.jpg",1024,576,true],"1536x1536":["https:\/\/elconquistadorredloslagos.cl\/test\/wp-content\/uploads\/2026\/04\/Diseno-sin-titulo-3-13-1536x864.jpg",1536,864,true],"2048x2048":["https:\/\/elconquistadorredloslagos.cl\/test\/wp-content\/uploads\/2026\/04\/Diseno-sin-titulo-3-13.jpg",1920,1080,false]},"rttpg_author":{"display_name":"ccardenas","author_link":"https:\/\/elconquistadorredloslagos.cl\/test\/blog\/author\/ccardenas\/"},"rttpg_comment":0,"rttpg_category":"<a href=\"https:\/\/elconquistadorredloslagos.cl\/test\/blog\/category\/actual\/acontecer\/\" rel=\"category tag\">Acontecer<\/a> <a href=\"https:\/\/elconquistadorredloslagos.cl\/test\/blog\/category\/actual\/\" rel=\"category tag\">Actualidad<\/a> <a href=\"https:\/\/elconquistadorredloslagos.cl\/test\/blog\/category\/chile\/\" rel=\"category tag\">Nacional<\/a>","rttpg_excerpt":"En medio de la controversia por los oficios del Ministerio de Hacienda destinados a optimizar el gasto p\u00fablico, el Presidente Jos\u00e9 Antonio Kast neg\u00f3 que existan planes para reducir los..","_links":{"self":[{"href":"https:\/\/elconquistadorredloslagos.cl\/test\/wp-json\/wp\/v2\/posts\/20743","targetHints":{"allow":["GET"]}}],"collection":[{"href":"https:\/\/elconquistadorredloslagos.cl\/test\/wp-json\/wp\/v2\/posts"}],"about":[{"href":"https:\/\/elconquistadorredloslagos.cl\/test\/wp-json\/wp\/v2\/types\/post"}],"author":[{"embeddable":true,"href":"https:\/\/elconquistadorredloslagos.cl\/test\/wp-json\/wp\/v2\/users\/2"}],"replies":[{"embeddable":true,"href":"https:\/\/elconquistadorredloslagos.cl\/test\/wp-json\/wp\/v2\/comments?post=20743"}],"version-history":[{"count":1,"href":"https:\/\/elconquistadorredloslagos.cl\/test\/wp-json\/wp\/v2\/posts\/20743\/revisions"}],"predecessor-version":[{"id":20745,"href":"https:\/\/elconquistadorredloslagos.cl\/test\/wp-json\/wp\/v2\/posts\/20743\/revisions\/20745"}],"wp:featuredmedia":[{"embeddable":true,"href":"https:\/\/elconquistadorredloslagos.cl\/test\/wp-json\/wp\/v2\/media\/20744"}],"wp:attachment":[{"href":"https:\/\/elconquistadorredloslagos.cl\/test\/wp-json\/wp\/v2\/media?parent=20743"}],"wp:term":[{"taxonomy":"category","embeddable":true,"href":"https:\/\/elconquistadorredloslagos.cl\/test\/wp-json\/wp\/v2\/categories?post=20743"},{"taxonomy":"post_tag","embeddable":true,"href":"https:\/\/elconquistadorredloslagos.cl\/test\/wp-json\/wp\/v2\/tags?post=20743"}],"curies":[{"name":"wp","href":"https:\/\/api.w.org\/{rel}","templated":true}]}}