{"id":20740,"date":"2026-04-27T10:41:21","date_gmt":"2026-04-27T14:41:21","guid":{"rendered":"https:\/\/elconquistadorredloslagos.cl\/test\/?p=20740"},"modified":"2026-04-27T10:41:22","modified_gmt":"2026-04-27T14:41:22","slug":"lluvias-y-viento-marcaran-la-semana-en-la-provincia-de-osorno","status":"publish","type":"post","link":"https:\/\/elconquistadorredloslagos.cl\/test\/blog\/2026\/04\/27\/lluvias-y-viento-marcaran-la-semana-en-la-provincia-de-osorno\/","title":{"rendered":"Lluvias y viento marcar\u00e1n la semana en la Provincia de Osorno"},"content":{"rendered":"\n<p>Un descenso en las temperaturas se har\u00e1 notar en la zona sur durante los \u00faltimos d\u00edas de abril, con condiciones variables y un evento de precipitaciones m\u00e1s intenso previsto para los pr\u00f3ximos d\u00edas en la Provincia de Osorno.<\/p>\n\n\n\n<p>Para lo que queda de este domingo se espera nubosidad parcial, mientras que el lunes comenzar\u00e1 con lluvias d\u00e9biles durante la madrugada, las que se extender\u00e1n hasta el mediod\u00eda, dando paso a una jornada completamente cubierta.<\/p>\n\n\n\n<p>El martes ser\u00e1 el d\u00eda m\u00e1s complejo en t\u00e9rminos clim\u00e1ticos, con precipitaciones moderadas entre la ma\u00f1ana y la tarde, acumulando cerca de 20 mil\u00edmetros de agua ca\u00edda y r\u00e1fagas de viento que podr\u00edan alcanzar los 50 kil\u00f3metros por hora.<\/p>\n\n\n\n<p>Hacia el mi\u00e9rcoles, las lluvias perder\u00e1n intensidad, registr\u00e1ndose chubascos matinales y cielos parcialmente nublados durante gran parte del d\u00eda.<\/p>\n\n\n\n<p>En tanto, el jueves se anticipa la presencia de niebla en las primeras horas, seguido de nubosidad parcial y un cierre de jornada con cielo cubierto. Finalmente, el viernes comenzar\u00e1 con mayor claridad, aunque se prev\u00e9n chubascos en la tarde y nubosidad leve durante la noche.<\/p>\n\n\n\n<p>\ud83d\udcf7 Referencial<\/p>\n","protected":false},"excerpt":{"rendered":"<p>Un descenso en las temperaturas se har\u00e1 notar en la zona sur durante los \u00faltimos d\u00edas de abril, con condiciones variables y un evento de precipitaciones m\u00e1s intenso previsto para..<\/p>\n","protected":false},"author":2,"featured_media":20741,"comment_status":"closed","ping_status":"open","sticky":false,"template":"","format":"standard","meta":{"footnotes":""},"categories":[1,28,55],"tags":[],"class_list":["post-20740","post","type-post","status-publish","format-standard","has-post-thumbnail","hentry","category-acontecer","category-actual","category-osorno"],"rttpg_featured_image_url":{"full":["https:\/\/elconquistadorredloslagos.cl\/test\/wp-content\/uploads\/2026\/04\/Diseno-sin-titulo-2-21.jpg",1920,1080,false],"landscape":["https:\/\/elconquistadorredloslagos.cl\/test\/wp-content\/uploads\/2026\/04\/Diseno-sin-titulo-2-21.jpg",1920,1080,false],"portraits":["https:\/\/elconquistadorredloslagos.cl\/test\/wp-content\/uploads\/2026\/04\/Diseno-sin-titulo-2-21.jpg",1920,1080,false],"thumbnail":["https:\/\/elconquistadorredloslagos.cl\/test\/wp-content\/uploads\/2026\/04\/Diseno-sin-titulo-2-21-150x150.jpg",150,150,true],"medium":["https:\/\/elconquistadorredloslagos.cl\/test\/wp-content\/uploads\/2026\/04\/Diseno-sin-titulo-2-21-300x169.jpg",300,169,true],"large":["https:\/\/elconquistadorredloslagos.cl\/test\/wp-content\/uploads\/2026\/04\/Diseno-sin-titulo-2-21-1024x576.jpg",1024,576,true],"1536x1536":["https:\/\/elconquistadorredloslagos.cl\/test\/wp-content\/uploads\/2026\/04\/Diseno-sin-titulo-2-21-1536x864.jpg",1536,864,true],"2048x2048":["https:\/\/elconquistadorredloslagos.cl\/test\/wp-content\/uploads\/2026\/04\/Diseno-sin-titulo-2-21.jpg",1920,1080,false]},"rttpg_author":{"display_name":"ccardenas","author_link":"https:\/\/elconquistadorredloslagos.cl\/test\/blog\/author\/ccardenas\/"},"rttpg_comment":0,"rttpg_category":"<a href=\"https:\/\/elconquistadorredloslagos.cl\/test\/blog\/category\/actual\/acontecer\/\" rel=\"category tag\">Acontecer<\/a> <a href=\"https:\/\/elconquistadorredloslagos.cl\/test\/blog\/category\/actual\/\" rel=\"category tag\">Actualidad<\/a> <a href=\"https:\/\/elconquistadorredloslagos.cl\/test\/blog\/category\/chile\/osorno\/\" rel=\"category tag\">Osorno<\/a>","rttpg_excerpt":"Un descenso en las temperaturas se har\u00e1 notar en la zona sur durante los \u00faltimos d\u00edas de abril, con condiciones variables y un evento de precipitaciones m\u00e1s intenso previsto para..","_links":{"self":[{"href":"https:\/\/elconquistadorredloslagos.cl\/test\/wp-json\/wp\/v2\/posts\/20740","targetHints":{"allow":["GET"]}}],"collection":[{"href":"https:\/\/elconquistadorredloslagos.cl\/test\/wp-json\/wp\/v2\/posts"}],"about":[{"href":"https:\/\/elconquistadorredloslagos.cl\/test\/wp-json\/wp\/v2\/types\/post"}],"author":[{"embeddable":true,"href":"https:\/\/elconquistadorredloslagos.cl\/test\/wp-json\/wp\/v2\/users\/2"}],"replies":[{"embeddable":true,"href":"https:\/\/elconquistadorredloslagos.cl\/test\/wp-json\/wp\/v2\/comments?post=20740"}],"version-history":[{"count":1,"href":"https:\/\/elconquistadorredloslagos.cl\/test\/wp-json\/wp\/v2\/posts\/20740\/revisions"}],"predecessor-version":[{"id":20742,"href":"https:\/\/elconquistadorredloslagos.cl\/test\/wp-json\/wp\/v2\/posts\/20740\/revisions\/20742"}],"wp:featuredmedia":[{"embeddable":true,"href":"https:\/\/elconquistadorredloslagos.cl\/test\/wp-json\/wp\/v2\/media\/20741"}],"wp:attachment":[{"href":"https:\/\/elconquistadorredloslagos.cl\/test\/wp-json\/wp\/v2\/media?parent=20740"}],"wp:term":[{"taxonomy":"category","embeddable":true,"href":"https:\/\/elconquistadorredloslagos.cl\/test\/wp-json\/wp\/v2\/categories?post=20740"},{"taxonomy":"post_tag","embeddable":true,"href":"https:\/\/elconquistadorredloslagos.cl\/test\/wp-json\/wp\/v2\/tags?post=20740"}],"curies":[{"name":"wp","href":"https:\/\/api.w.org\/{rel}","templated":true}]}}